{"id":44582,"date":"2025-02-21T09:07:08","date_gmt":"2025-02-21T07:07:08","guid":{"rendered":"https:\/\/www.mladibl.com\/?p=44582"},"modified":"2025-02-21T09:07:13","modified_gmt":"2025-02-21T07:07:13","slug":"banski-dvor-matine-koncert-oni-dolaze-u-nedjelju","status":"publish","type":"post","link":"https:\/\/www.mladibl.com\/?p=44582","title":{"rendered":"Banski dvor: Matine koncert ONI DOLAZE u nedjelju"},"content":{"rendered":"\n<p>U Koncertnoj dvorani Banskog dvora 23. februara u 12.00 \u010dasova bi\u0107e odr\u017ean koncert studenata klavira Akademije umjetnosti Univerziteta u Banjoj Luci. Ulaz je slobodan.<\/p>\n\n\n\n<p>Kako je saop\u0161teno iz ove ustanove kulture, na koncertu \u0107e se predstaviti najbolji studenti klavira Akademije umjetnosti Univerziteta u Banjoj Luci iz klasa profesora: Snje\u017eane Popovi\u0107 Vuleta, Dinka Blagojevi\u0107a, Dejana Jankovi\u0107a i Arsena \u010carki\u0107a. Na programu \u0107e biti neka od najljep\u0161ih djela bogate klavirske literature iz razli\u010ditih stilskih epoha.<\/p>\n\n\n\n<p>Podsje\u0107amo, ciklus matine koncerata ONI DOLAZE programska aktivnost Banskog dvora i predstavlja nadogradnju vi\u0161egodi\u0161nje prakse te ustanove da osim organizacije reprezentativnih sadr\u017eaja iz oblasti kulture i umjetnosti, aktivno i u kontinuitetu rade na promociji na\u0161ih mladih talenata.<\/p>\n\n\n\n<p>-Kroz ciklus matine koncerata ONI DOLAZE promovisa\u0107emo talentovane u\u010denike muzi\u010dkih \u0161kola i studenate Akademije umjetnosti Univerziteta u Banjoj Luci \u2013 zaklju\u010dili su iz Banskog dvora.<\/p>\n\n\n\n<figure class=\"wp-block-image\"><img decoding=\"async\" src=\"https:\/\/www.banjaluka.rs.ba\/wp-content\/uploads\/2025\/02\/oni-dolaze.jpg\" alt=\"\"\/><\/figure>\n\n\n\n<p>Preuzeto sa: <a href=\"https:\/\/www.banjaluka.rs.ba\/matine-koncert-oni-dolaza-u-banskom-dvoru\/\" target=\"_blank\" rel=\"noreferrer noopener\">Grad Banja Luka<\/a><\/p>\n","protected":false},"excerpt":{"rendered":"<p>U Koncertnoj dvorani Banskog dvora 23. februara u 12.00 \u010dasova bi\u0107e odr\u017ean koncert studenata klavira Akademije umjetnosti Univerziteta u Banjoj<\/p>\n","protected":false},"author":1,"featured_media":44583,"comment_status":"closed","ping_status":"open","sticky":false,"template":"","format":"standard","meta":{"om_disable_all_campaigns":false,"_monsterinsights_skip_tracking":false,"_monsterinsights_sitenote_active":false,"_monsterinsights_sitenote_note":"","_monsterinsights_sitenote_category":0,"footnotes":""},"categories":[2],"tags":[881,13810,12677],"class_list":["post-44582","post","type-post","status-publish","format-standard","has-post-thumbnail","hentry","category-vijesti","tag-banski-dvor","tag-matine-koncert","tag-oni-dolaze"],"jetpack_featured_media_url":"https:\/\/www.mladibl.com\/wp-content\/uploads\/2025\/02\/Banski-dvor_-Matine-koncert-ONI-DOLAZE-u-nedjelju.jpg","amp_enabled":true,"_links":{"self":[{"href":"https:\/\/www.mladibl.com\/index.php?rest_route=\/wp\/v2\/posts\/44582","targetHints":{"allow":["GET"]}}],"collection":[{"href":"https:\/\/www.mladibl.com\/index.php?rest_route=\/wp\/v2\/posts"}],"about":[{"href":"https:\/\/www.mladibl.com\/index.php?rest_route=\/wp\/v2\/types\/post"}],"author":[{"embeddable":true,"href":"https:\/\/www.mladibl.com\/index.php?rest_route=\/wp\/v2\/users\/1"}],"replies":[{"embeddable":true,"href":"https:\/\/www.mladibl.com\/index.php?rest_route=%2Fwp%2Fv2%2Fcomments&post=44582"}],"version-history":[{"count":1,"href":"https:\/\/www.mladibl.com\/index.php?rest_route=\/wp\/v2\/posts\/44582\/revisions"}],"predecessor-version":[{"id":44584,"href":"https:\/\/www.mladibl.com\/index.php?rest_route=\/wp\/v2\/posts\/44582\/revisions\/44584"}],"wp:featuredmedia":[{"embeddable":true,"href":"https:\/\/www.mladibl.com\/index.php?rest_route=\/wp\/v2\/media\/44583"}],"wp:attachment":[{"href":"https:\/\/www.mladibl.com\/index.php?rest_route=%2Fwp%2Fv2%2Fmedia&parent=44582"}],"wp:term":[{"taxonomy":"category","embeddable":true,"href":"https:\/\/www.mladibl.com\/index.php?rest_route=%2Fwp%2Fv2%2Fcategories&post=44582"},{"taxonomy":"post_tag","embeddable":true,"href":"https:\/\/www.mladibl.com\/index.php?rest_route=%2Fwp%2Fv2%2Ftags&post=44582"}],"curies":[{"name":"wp","href":"https:\/\/api.w.org\/{rel}","templated":true}]}}