{"id":44579,"date":"2025-02-21T09:03:42","date_gmt":"2025-02-21T07:03:42","guid":{"rendered":"https:\/\/www.mladibl.com\/?p=44579"},"modified":"2025-02-21T09:03:47","modified_gmt":"2025-02-21T07:03:47","slug":"gornja-piskavica-21-zimsko-prelo-u-subotu","status":"publish","type":"post","link":"https:\/\/www.mladibl.com\/?p=44579","title":{"rendered":"Gornja Piskavica: 21. Zimsko prelo u subotu"},"content":{"rendered":"\n<p>Tradicionalna kulturno-turisti\u010dka manifestacija, \u201eZimsko prelo 2025\u201c, manifestacija koja ove godine obilje\u017eava 21. godinu postojanja, bi\u0107e odr\u017eana u subotu 22. februara u Gornjoj Piskavici.<\/p>\n\n\n\n<p>Ba\u0161 kao i svih prethodnih godina, tokom dnevnih aktivnosti od 15.00 \u010dasova bi\u0107e odr\u017eana razli\u010dita takmi\u010denja u tradicionalnim sportskim igrama disciplinama, poput narodnog vi\u0161eboja, bacanja kamena sa ramena, skoka u dalj, potezanja konopca kao i mnoge druge discipline.<\/p>\n\n\n\n<p>Osim u vite\u0161kim disciplinama, posjetioci \u0107e u\u017eivati u bogatim kulturno-sportskim doga\u0111ajima koji ovu manifestaciju \u010dine jedinstvenom i prepoznatljivom.<\/p>\n\n\n\n<p>Tradicionalno u 18.00 \u010dasova bi\u0107e uprili\u010den i performans scenskog prikaza seoskog prela u izvo\u0111enju KUD \u201ePiskavica\u201c, kada \u0107e i zvani\u010dno biti otvorena ova manifestacijan, te \u0107e nakon toga uslijediti i bogat kulturno \u2013 umjetni\u010dki program.<\/p>\n\n\n\n<p>Nastupi\u0107e kulturno \u2013 umjetni\u010dka dru\u0161tva, pjeva\u010dke grupe, estradni izvo\u0111a\u010di, predld\u017eije, a pored toga svim posjetioca predstavi\u0107e se i proizvo\u0111a\u010di doma\u0107e hrane, suvenira i rukotvorina.<\/p>\n\n\n\n<p>Preuzeto sa: <a href=\"https:\/\/www.banjaluka.rs.ba\/21-zimsko-prelo-u-subotu\/\" target=\"_blank\" rel=\"noreferrer noopener\">Grad Banja Luka<\/a><\/p>\n","protected":false},"excerpt":{"rendered":"<p>Tradicionalna kulturno-turisti\u010dka manifestacija, \u201eZimsko prelo 2025\u201c, manifestacija koja ove godine obilje\u017eava 21. godinu postojanja, bi\u0107e odr\u017eana u subotu 22. februara<\/p>\n","protected":false},"author":1,"featured_media":44580,"comment_status":"closed","ping_status":"open","sticky":false,"template":"","format":"standard","meta":{"om_disable_all_campaigns":false,"_monsterinsights_skip_tracking":false,"_monsterinsights_sitenote_active":false,"_monsterinsights_sitenote_note":"","_monsterinsights_sitenote_category":0,"footnotes":""},"categories":[2],"tags":[832,8057],"class_list":["post-44579","post","type-post","status-publish","format-standard","has-post-thumbnail","hentry","category-vijesti","tag-gornja-piskavica","tag-zimsko-prelo"],"jetpack_featured_media_url":"https:\/\/www.mladibl.com\/wp-content\/uploads\/2025\/02\/Gornja-Piskavica_-21.-Zimsko-prelo-u-subotu.jpg","amp_enabled":true,"_links":{"self":[{"href":"https:\/\/www.mladibl.com\/index.php?rest_route=\/wp\/v2\/posts\/44579","targetHints":{"allow":["GET"]}}],"collection":[{"href":"https:\/\/www.mladibl.com\/index.php?rest_route=\/wp\/v2\/posts"}],"about":[{"href":"https:\/\/www.mladibl.com\/index.php?rest_route=\/wp\/v2\/types\/post"}],"author":[{"embeddable":true,"href":"https:\/\/www.mladibl.com\/index.php?rest_route=\/wp\/v2\/users\/1"}],"replies":[{"embeddable":true,"href":"https:\/\/www.mladibl.com\/index.php?rest_route=%2Fwp%2Fv2%2Fcomments&post=44579"}],"version-history":[{"count":1,"href":"https:\/\/www.mladibl.com\/index.php?rest_route=\/wp\/v2\/posts\/44579\/revisions"}],"predecessor-version":[{"id":44581,"href":"https:\/\/www.mladibl.com\/index.php?rest_route=\/wp\/v2\/posts\/44579\/revisions\/44581"}],"wp:featuredmedia":[{"embeddable":true,"href":"https:\/\/www.mladibl.com\/index.php?rest_route=\/wp\/v2\/media\/44580"}],"wp:attachment":[{"href":"https:\/\/www.mladibl.com\/index.php?rest_route=%2Fwp%2Fv2%2Fmedia&parent=44579"}],"wp:term":[{"taxonomy":"category","embeddable":true,"href":"https:\/\/www.mladibl.com\/index.php?rest_route=%2Fwp%2Fv2%2Fcategories&post=44579"},{"taxonomy":"post_tag","embeddable":true,"href":"https:\/\/www.mladibl.com\/index.php?rest_route=%2Fwp%2Fv2%2Ftags&post=44579"}],"curies":[{"name":"wp","href":"https:\/\/api.w.org\/{rel}","templated":true}]}}