{"id":44436,"date":"2025-02-11T08:43:02","date_gmt":"2025-02-11T06:43:02","guid":{"rendered":"https:\/\/www.mladibl.com\/?p=44436"},"modified":"2025-02-11T08:43:07","modified_gmt":"2025-02-11T06:43:07","slug":"otvoren-poziv-za-prijavu-za-zene-preduzetnice-zapadnog-balkana-za-2024-godinu","status":"publish","type":"post","link":"https:\/\/www.mladibl.com\/?p=44436","title":{"rendered":"Otvoren poziv za prijavu za &#8221;\u017dene preduzetnice Zapadnog Balkana&#8221; za 2024. godinu"},"content":{"rendered":"\n<p>\u200bSavjet za regionalnu saradnju Jugoisto\u010dne Evrope (The Regional Cooperation Council -RCC) objavio\u00a0 je poziv za prijavu za &#8221;\u017dene preduzetnice Zapadnog Balkana&#8221; za 2024. godinu koji \u0107e biti otvoren do 21. februara 2025. godine.<\/p>\n\n\n\n<p>Nominacije se odnose na \u017eene koje su stanovnice jedne od zemalja iz regiona Zapadnog Balkana \u010dije djelovanje doprinosi unaprije\u0111enju o\u010duvanja okoline, umjetnosti, informacione i komunikacione tehnologije, turizma, promocije vlastitog posla na socijalnim mre\u017eama, kao i mlade \u017eene koje su razvile inovativno poslovno rje\u0161enje, proizvod ili uslugu sa regionalnim uticajem.<\/p>\n\n\n\n<p>Vi\u0161e informacija na internet stranici:<\/p>\n\n\n\n<p><a href=\"https:\/\/www.rcc.int\/news\/913\/rcc-nominations-for-western-balkans-women-entrepreneurs-of-the-year-2024-are-open\">https:\/\/www.rcc.int\/news\/913\/rcc-nominations-for-western-balkans-women-entrepreneurs-of-the-year-2024-are-open<\/a><\/p>\n\n\n\n<p>Preuzeto sa: <a href=\"https:\/\/vladars.rs\/sr-SP-Cyrl\/Vlada\/Ministarstva\/mpp\/media\/vijesti\/Pages\/%D0%9E%D1%82%D0%B2%D0%BE%D1%80%D0%B5%D0%BD-%D0%BF%D0%BE%D0%B7%D0%B8%D0%B2-%D0%B7%D0%B0-%D0%BF%D1%80%D0%B8%D1%98%D0%B0%D0%B2%D1%83-%D0%B7%D0%B0--''%D0%96%D0%B5%D0%BD%D0%B5-%D0%BF%D1%80%D0%B5%D0%B4%D1%83%D0%B7%D0%B5%D1%82%D0%BD%D0%B8%D1%86%D0%B5--%D0%97%D0%B0%D0%BF%D0%B0%D0%B4%D0%BD%D0%BE%D0%B3-%D0%91%D0%B0%D0%BB%D0%BA%D0%B0%D0%BD%D0%B0''-%D0%B7%D0%B0-2024.aspx\" target=\"_blank\" rel=\"noreferrer noopener\">Vlada RS<\/a><\/p>\n","protected":false},"excerpt":{"rendered":"<p>\u200bSavjet za regionalnu saradnju Jugoisto\u010dne Evrope (The Regional Cooperation Council -RCC) objavio\u00a0 je poziv za prijavu za &#8221;\u017dene preduzetnice Zapadnog<\/p>\n","protected":false},"author":1,"featured_media":44421,"comment_status":"closed","ping_status":"open","sticky":false,"template":"","format":"standard","meta":{"om_disable_all_campaigns":false,"_monsterinsights_skip_tracking":false,"_monsterinsights_sitenote_active":false,"_monsterinsights_sitenote_note":"","_monsterinsights_sitenote_category":0,"footnotes":""},"categories":[370],"tags":[3060,159,814],"class_list":["post-44436","post","type-post","status-publish","format-standard","has-post-thumbnail","hentry","category-ostalo","tag-preduzetnice","tag-zapadni-balkan","tag-zene"],"jetpack_featured_media_url":"https:\/\/www.mladibl.com\/wp-content\/uploads\/2025\/02\/Otvoren-poziv-za-prijavu-za-Zene-preduzetnice-Zapadnog-Balkana-za-2024.-godinu.jpg","amp_enabled":true,"_links":{"self":[{"href":"https:\/\/www.mladibl.com\/index.php?rest_route=\/wp\/v2\/posts\/44436","targetHints":{"allow":["GET"]}}],"collection":[{"href":"https:\/\/www.mladibl.com\/index.php?rest_route=\/wp\/v2\/posts"}],"about":[{"href":"https:\/\/www.mladibl.com\/index.php?rest_route=\/wp\/v2\/types\/post"}],"author":[{"embeddable":true,"href":"https:\/\/www.mladibl.com\/index.php?rest_route=\/wp\/v2\/users\/1"}],"replies":[{"embeddable":true,"href":"https:\/\/www.mladibl.com\/index.php?rest_route=%2Fwp%2Fv2%2Fcomments&post=44436"}],"version-history":[{"count":1,"href":"https:\/\/www.mladibl.com\/index.php?rest_route=\/wp\/v2\/posts\/44436\/revisions"}],"predecessor-version":[{"id":44437,"href":"https:\/\/www.mladibl.com\/index.php?rest_route=\/wp\/v2\/posts\/44436\/revisions\/44437"}],"wp:featuredmedia":[{"embeddable":true,"href":"https:\/\/www.mladibl.com\/index.php?rest_route=\/wp\/v2\/media\/44421"}],"wp:attachment":[{"href":"https:\/\/www.mladibl.com\/index.php?rest_route=%2Fwp%2Fv2%2Fmedia&parent=44436"}],"wp:term":[{"taxonomy":"category","embeddable":true,"href":"https:\/\/www.mladibl.com\/index.php?rest_route=%2Fwp%2Fv2%2Fcategories&post=44436"},{"taxonomy":"post_tag","embeddable":true,"href":"https:\/\/www.mladibl.com\/index.php?rest_route=%2Fwp%2Fv2%2Ftags&post=44436"}],"curies":[{"name":"wp","href":"https:\/\/api.w.org\/{rel}","templated":true}]}}