{"id":44432,"date":"2025-02-11T08:40:13","date_gmt":"2025-02-11T06:40:13","guid":{"rendered":"https:\/\/www.mladibl.com\/?p=44432"},"modified":"2025-02-11T08:40:19","modified_gmt":"2025-02-11T06:40:19","slug":"dani-otvorenih-vrata-resursnog-centra-za-organizacije-civilnog-drustva","status":"publish","type":"post","link":"https:\/\/www.mladibl.com\/?p=44432","title":{"rendered":"Dani otvorenih vrata Resursnog centra za organizacije civilnog dru\u0161tva"},"content":{"rendered":"\n<p>Resursni centar za organizacije civilnog dru\u0161tva u Bosni i Hercegovini u februaru 2025. godine otvara svoja vrata za sve zainteresovane organizacije civilnog dru\u0161tva, neformalne grupe gra\u0111ana, aktiviste i druge zainteresovane gra\u0111ane i gra\u0111anke.<\/p>\n\n\n\n<p>Cilj odr\u017eavanja Dana otvorenih vrata je predstavljanje koncepta Resurnog centra organizacijama civilnog dru\u0161tva, neformalnim grupama gra\u0111ana, aktivistima i svim ostalim zainteresovanim gra\u0111anima. Ovom prilikom \u0107e biti predstavljene detaljne informacije o aktivnostima, programima, mogu\u0107nostima i uslugama koje Resursni centar nudi te na\u010dini uklju\u010divanja zainteresovanih aktera u rad Resursnog centra.<\/p>\n\n\n\n<ul class=\"wp-block-list\">\n<li>\u017delite saznati kako va\u0161a organizacija uz podr\u0161ku Centra mo\u017ee oja\u010dati vlastite kapaciteta i aktivnije u\u010destvovati u demokratskim procesima?<\/li>\n\n\n\n<li>Zanima vas kako besplatno pristupiti edukacijama, HUB-ovima, bazama podataka i mre\u017ei stru\u010dnjaka koji mogu pomo\u0107i u razvoju va\u0161ih inicijativa?<\/li>\n\n\n\n<li>Imate pitanja o finansiranju, projektima i umre\u017eavanju u civilnom sektoru?<\/li>\n<\/ul>\n\n\n\n<p><strong>Posjetite Dane otvorenih vrata Resursnog centra i saznajte sve \u0161to vas zanima!<\/strong><\/p>\n\n\n\n<p>Vidimo se u sljede\u0107im gradovima:<\/p>\n\n\n\n<ul class=\"wp-block-list\">\n<li>Sarajevo, 19.2.<\/li>\n\n\n\n<li>Mostar, 21.2.<\/li>\n\n\n\n<li>Doboj, 24.2.<\/li>\n\n\n\n<li>Banjaluka, 25.2.<\/li>\n\n\n\n<li>Br\u010dko, 26.2.<\/li>\n\n\n\n<li>Bijeljina, 27.2.<\/li>\n\n\n\n<li>Tuzla, 28.2.<\/li>\n<\/ul>\n\n\n\n<p><em>Napomena: Ta\u010dan termin i lokacija odr\u017eavanja Dana otvorenih vrata u navedenim gradovima \u0107e biti naknadno potvr\u0111ena,&nbsp;a najkasnije 2 dana prije odr\u017eavanja,&nbsp;svim u\u010desnicima koji se prijave putem prijavnog obrasca.<\/em><\/p>\n\n\n\n<p>Mo\u017eete se prijaviti putem linka.<\/p>\n\n\n\n<p><strong><a href=\"https:\/\/docs.google.com\/forms\/d\/e\/1FAIpQLSe6QQIZGimNQ6FnqrOuIX3AEjoKuVzzJYyTlWWOu_JFgx0seQ\/viewform\">PRIJAVITE SE ZA U\u010cE\u0160\u0106E<\/a><\/strong><\/p>\n\n\n\n<figure class=\"wp-block-image size-full\"><img loading=\"lazy\" decoding=\"async\" width=\"800\" height=\"800\" src=\"http:\/\/www.mladibl.com\/wp-content\/uploads\/2025\/02\/Dani-otvorenih-vrata-Resursnog-centra-za-organizacije-civilnog-drustva.jpg\" alt=\"Dani otvorenih vrata Resursnog centra za organizacije civilnog dru\u0161tva\" class=\"wp-image-44423\" srcset=\"https:\/\/www.mladibl.com\/wp-content\/uploads\/2025\/02\/Dani-otvorenih-vrata-Resursnog-centra-za-organizacije-civilnog-drustva.jpg 800w, https:\/\/www.mladibl.com\/wp-content\/uploads\/2025\/02\/Dani-otvorenih-vrata-Resursnog-centra-za-organizacije-civilnog-drustva-300x300.jpg 300w, https:\/\/www.mladibl.com\/wp-content\/uploads\/2025\/02\/Dani-otvorenih-vrata-Resursnog-centra-za-organizacije-civilnog-drustva-150x150.jpg 150w, https:\/\/www.mladibl.com\/wp-content\/uploads\/2025\/02\/Dani-otvorenih-vrata-Resursnog-centra-za-organizacije-civilnog-drustva-768x768.jpg 768w\" sizes=\"auto, (max-width: 800px) 100vw, 800px\" \/><\/figure>\n\n\n\n<p>Preuzeto sa: <a href=\"https:\/\/euresurs.ba\/javni-poziv\/dani-otvorenih-vrata-resursnog-centra-za-organizacije-civilnog-drustva\/\" target=\"_blank\" rel=\"noreferrer noopener\">euresurs.ba<\/a><\/p>\n","protected":false},"excerpt":{"rendered":"<p>Resursni centar za organizacije civilnog dru\u0161tva u Bosni i Hercegovini u februaru 2025. godine otvara svoja vrata za sve zainteresovane<\/p>\n","protected":false},"author":1,"featured_media":44423,"comment_status":"closed","ping_status":"open","sticky":false,"template":"","format":"standard","meta":{"om_disable_all_campaigns":false,"_monsterinsights_skip_tracking":false,"_monsterinsights_sitenote_active":false,"_monsterinsights_sitenote_note":"","_monsterinsights_sitenote_category":0,"footnotes":""},"categories":[6],"tags":[212,4281,354,3029],"class_list":["post-44432","post","type-post","status-publish","format-standard","has-post-thumbnail","hentry","category-dogadjaji","tag-civilno-drustvo","tag-dani-otvorenih-vrata","tag-organizacije","tag-resursni-centar"],"jetpack_featured_media_url":"https:\/\/www.mladibl.com\/wp-content\/uploads\/2025\/02\/Dani-otvorenih-vrata-Resursnog-centra-za-organizacije-civilnog-drustva.jpg","amp_enabled":true,"_links":{"self":[{"href":"https:\/\/www.mladibl.com\/index.php?rest_route=\/wp\/v2\/posts\/44432","targetHints":{"allow":["GET"]}}],"collection":[{"href":"https:\/\/www.mladibl.com\/index.php?rest_route=\/wp\/v2\/posts"}],"about":[{"href":"https:\/\/www.mladibl.com\/index.php?rest_route=\/wp\/v2\/types\/post"}],"author":[{"embeddable":true,"href":"https:\/\/www.mladibl.com\/index.php?rest_route=\/wp\/v2\/users\/1"}],"replies":[{"embeddable":true,"href":"https:\/\/www.mladibl.com\/index.php?rest_route=%2Fwp%2Fv2%2Fcomments&post=44432"}],"version-history":[{"count":1,"href":"https:\/\/www.mladibl.com\/index.php?rest_route=\/wp\/v2\/posts\/44432\/revisions"}],"predecessor-version":[{"id":44433,"href":"https:\/\/www.mladibl.com\/index.php?rest_route=\/wp\/v2\/posts\/44432\/revisions\/44433"}],"wp:featuredmedia":[{"embeddable":true,"href":"https:\/\/www.mladibl.com\/index.php?rest_route=\/wp\/v2\/media\/44423"}],"wp:attachment":[{"href":"https:\/\/www.mladibl.com\/index.php?rest_route=%2Fwp%2Fv2%2Fmedia&parent=44432"}],"wp:term":[{"taxonomy":"category","embeddable":true,"href":"https:\/\/www.mladibl.com\/index.php?rest_route=%2Fwp%2Fv2%2Fcategories&post=44432"},{"taxonomy":"post_tag","embeddable":true,"href":"https:\/\/www.mladibl.com\/index.php?rest_route=%2Fwp%2Fv2%2Ftags&post=44432"}],"curies":[{"name":"wp","href":"https:\/\/api.w.org\/{rel}","templated":true}]}}