{"id":43377,"date":"2024-12-10T00:41:20","date_gmt":"2024-12-09T22:41:20","guid":{"rendered":"https:\/\/www.mladibl.com\/?p=43377"},"modified":"2024-12-10T00:41:25","modified_gmt":"2024-12-09T22:41:25","slug":"kuca-milanovica-humanitarna-prodajna-izlozba-likovnih-djela-rodendanske-iskre-za-pomoc-djeci-oboljeloj-od-raka","status":"publish","type":"post","link":"https:\/\/www.mladibl.com\/?p=43377","title":{"rendered":"Ku\u0107a Milanovi\u0107a: Humanitarna prodajna izlo\u017eba likovnih djela \u201cRo\u0111endanske Iskre\u201d za pomo\u0107 djeci oboljeloj od raka"},"content":{"rendered":"\n<p>Udru\u017eenje roditelja \u201cIskra\u201d u saradnji sa UG \u201cViartis\u201d, u periodu od 13. do 15. novembra u Ku\u0107i Milanovi\u0107a organizuje Humanitarnu prodajnu izlo\u017ebu likovnih djela \u201cRo\u0111endanske Iskre\u201d, za pomo\u0107 djeci oboljeloj od raka.<\/p>\n\n\n\n<p>Otvaranje izlo\u017ebe bi\u0107e uprili\u010deno 13. decembra u 18.00 \u010dasova, a izlo\u017eene radove, posjetioci \u0107e osim na ve\u010de otvaranja mo\u0107i pogledati i kupiti i u subotu, u periodu od 11.00 do 17.00 \u010dasova.<\/p>\n\n\n\n<p>-Na izlo\u017ebi \u0107e biti predstavljeni radovi na\u0161ih mali\u0161ana koji se sada lije\u010de od raka, djece koja su pro\u017eivjela iskustvo lije\u010denja maligne bolesti u djetinjstvu i njihovih zdravih vr\u0161njaka kao vida vr\u0161nja\u010dke podr\u0161ke. Podr\u0161ku na\u0161im mali\u0161anima pru\u017eilo je i vi\u0161e od 19 umjetnika koji su im donirali svoje. Slike su nastale na likovnoj radionici odr\u017eanoj povodom obilje\u017eavanja 10 godina rada Udru\u017eenja roditelja \u201cIskra\u201d \u2013 navedeno je u saop\u0161tenju.<\/p>\n\n\n\n<p>Isti\u010du i to kako \u0107e izlo\u017eena likovna djela posjetioci mo\u0107i kupiti, a cilj prodaje jeste prikupljanje sredstava za funkcionisanje Udru\u017eenja roditelja \u201eIskra\u201c, a samim tim i Roditeljske ku\u0107e u kojoj borave djeca koja se lije\u010de od raka i njihovi roditelji.<\/p>\n\n\n\n<p>-Pozivamo sve da nam se pridru\u017ee u predivnom ambijentu Ku\u0107e Milanovi\u0107a, pogledaju izlo\u017ebu, ako \u017eele kupe umjetni\u010dko djelo ili doniraju sredstva i na taj na\u010din pru\u017ee nesebi\u010dnu podr\u0161ku na\u0161im mali\u0161anima koji se zajedno sa svojim roditeljima u borbi za \u017eivot, suo\u010davaju sa najte\u017eim trenucima. Nadamo se da \u0107ete nam se pridru\u017eiti u nastojanjima da stvorimo ljep\u0161i svijet za na\u0161u djecu \u2013 navedeno je u saop\u0161tenju.<\/p>\n\n\n\n<p>Preuzeto sa: <a href=\"https:\/\/www.banjaluka.rs.ba\/humanitarna-prodajna-izlozba-likovnih-djela-rodjendanske-iskre-za-pomoc-djeci-oboljeloj-od-raka\/?sr_pismo=lat\" target=\"_blank\" rel=\"noreferrer noopener\">Grad Banja Luka<\/a><\/p>\n","protected":false},"excerpt":{"rendered":"<p>Udru\u017eenje roditelja \u201cIskra\u201d u saradnji sa UG \u201cViartis\u201d, u periodu od 13. do 15. novembra u Ku\u0107i Milanovi\u0107a organizuje Humanitarnu<\/p>\n","protected":false},"author":1,"featured_media":43368,"comment_status":"closed","ping_status":"open","sticky":false,"template":"","format":"standard","meta":{"om_disable_all_campaigns":false,"_monsterinsights_skip_tracking":false,"_monsterinsights_sitenote_active":false,"_monsterinsights_sitenote_note":"","_monsterinsights_sitenote_category":0,"footnotes":""},"categories":[2],"tags":[11328,699,10065,2747,13597],"class_list":["post-43377","post","type-post","status-publish","format-standard","has-post-thumbnail","hentry","category-vijesti","tag-humanitarna","tag-izlozba","tag-kuca-milanovica","tag-prodajna","tag-rodendanske-iskre"],"jetpack_featured_media_url":"https:\/\/www.mladibl.com\/wp-content\/uploads\/2024\/12\/Kuca-Milanovica_-Humanitarna-prodajna-izlozba-likovnih-djela-Rodendanske-Iskre-za-pomoc-djeci-oboljeloj-od-raka.jpg","amp_enabled":true,"_links":{"self":[{"href":"https:\/\/www.mladibl.com\/index.php?rest_route=\/wp\/v2\/posts\/43377","targetHints":{"allow":["GET"]}}],"collection":[{"href":"https:\/\/www.mladibl.com\/index.php?rest_route=\/wp\/v2\/posts"}],"about":[{"href":"https:\/\/www.mladibl.com\/index.php?rest_route=\/wp\/v2\/types\/post"}],"author":[{"embeddable":true,"href":"https:\/\/www.mladibl.com\/index.php?rest_route=\/wp\/v2\/users\/1"}],"replies":[{"embeddable":true,"href":"https:\/\/www.mladibl.com\/index.php?rest_route=%2Fwp%2Fv2%2Fcomments&post=43377"}],"version-history":[{"count":1,"href":"https:\/\/www.mladibl.com\/index.php?rest_route=\/wp\/v2\/posts\/43377\/revisions"}],"predecessor-version":[{"id":43378,"href":"https:\/\/www.mladibl.com\/index.php?rest_route=\/wp\/v2\/posts\/43377\/revisions\/43378"}],"wp:featuredmedia":[{"embeddable":true,"href":"https:\/\/www.mladibl.com\/index.php?rest_route=\/wp\/v2\/media\/43368"}],"wp:attachment":[{"href":"https:\/\/www.mladibl.com\/index.php?rest_route=%2Fwp%2Fv2%2Fmedia&parent=43377"}],"wp:term":[{"taxonomy":"category","embeddable":true,"href":"https:\/\/www.mladibl.com\/index.php?rest_route=%2Fwp%2Fv2%2Fcategories&post=43377"},{"taxonomy":"post_tag","embeddable":true,"href":"https:\/\/www.mladibl.com\/index.php?rest_route=%2Fwp%2Fv2%2Ftags&post=43377"}],"curies":[{"name":"wp","href":"https:\/\/api.w.org\/{rel}","templated":true}]}}