{"id":43373,"date":"2024-12-10T00:38:50","date_gmt":"2024-12-09T22:38:50","guid":{"rendered":"https:\/\/www.mladibl.com\/?p=43373"},"modified":"2024-12-10T00:38:55","modified_gmt":"2024-12-09T22:38:55","slug":"srijeda-u-banskom-dvoru-koncert-etno-grupe-iva-i-prijatelji","status":"publish","type":"post","link":"https:\/\/www.mladibl.com\/?p=43373","title":{"rendered":"Srijeda u Banskom dvoru: Koncert Etno grupe \u201eIva\u201c i prijatelji"},"content":{"rendered":"\n<p>U Koncertnoj dvorani Kulturnog centra Banski dvor u srijedu 11. decembra u 20.00 \u010dasova bi\u0107e odr\u017ean jubilarni koncert Etno grupe \u201eIva\u201c i prijatelji.<\/p>\n\n\n\n<p>-Koncert \u0107e biti odr\u017ean povodom 20 godina postojanja ove etno grupe \u2013 navedeno je u Banskom dvoru.<\/p>\n\n\n\n<p>Besplatne pozivnice mo\u017eete preuzeti na biletarnici Banskog dvora, svakim radnim danom osim vikendom u periodu od 12.00 do 18.00 \u010dasova.<\/p>\n\n\n\n<figure class=\"wp-block-image size-large\"><img loading=\"lazy\" decoding=\"async\" width=\"724\" height=\"1024\" src=\"http:\/\/www.mladibl.com\/wp-content\/uploads\/2024\/12\/Srijeda-u-Banskom-dvoru_-Koncert-Etno-grupe-\u201eIva-i-prijatelji-724x1024.jpg\" alt=\"Srijeda u Banskom dvoru: Koncert Etno grupe \u201eIva\u201c i prijatelji\" class=\"wp-image-43370\" srcset=\"https:\/\/www.mladibl.com\/wp-content\/uploads\/2024\/12\/Srijeda-u-Banskom-dvoru_-Koncert-Etno-grupe-\u201eIva-i-prijatelji-724x1024.jpg 724w, https:\/\/www.mladibl.com\/wp-content\/uploads\/2024\/12\/Srijeda-u-Banskom-dvoru_-Koncert-Etno-grupe-\u201eIva-i-prijatelji-212x300.jpg 212w, https:\/\/www.mladibl.com\/wp-content\/uploads\/2024\/12\/Srijeda-u-Banskom-dvoru_-Koncert-Etno-grupe-\u201eIva-i-prijatelji-768x1087.jpg 768w, https:\/\/www.mladibl.com\/wp-content\/uploads\/2024\/12\/Srijeda-u-Banskom-dvoru_-Koncert-Etno-grupe-\u201eIva-i-prijatelji.jpg 800w\" sizes=\"auto, (max-width: 724px) 100vw, 724px\" \/><\/figure>\n\n\n\n<p>Preuzeto sa: <a href=\"https:\/\/www.banjaluka.rs.ba\/koncert-etno-grupe-iva-i-prijatelji\/?sr_pismo=lat\" target=\"_blank\" rel=\"noreferrer noopener\">Grad Banja Luka<\/a><\/p>\n","protected":false},"excerpt":{"rendered":"<p>U Koncertnoj dvorani Kulturnog centra Banski dvor u srijedu 11. decembra u 20.00 \u010dasova bi\u0107e odr\u017ean jubilarni koncert Etno grupe<\/p>\n","protected":false},"author":1,"featured_media":43370,"comment_status":"closed","ping_status":"open","sticky":false,"template":"","format":"standard","meta":{"om_disable_all_campaigns":false,"_monsterinsights_skip_tracking":false,"_monsterinsights_sitenote_active":false,"_monsterinsights_sitenote_note":"","_monsterinsights_sitenote_category":0,"footnotes":""},"categories":[2],"tags":[881,10186,3536],"class_list":["post-43373","post","type-post","status-publish","format-standard","has-post-thumbnail","hentry","category-vijesti","tag-banski-dvor","tag-etno-grupa-iva","tag-koncert"],"jetpack_featured_media_url":"https:\/\/www.mladibl.com\/wp-content\/uploads\/2024\/12\/Srijeda-u-Banskom-dvoru_-Koncert-Etno-grupe-\u201eIva-i-prijatelji.jpg","amp_enabled":true,"_links":{"self":[{"href":"https:\/\/www.mladibl.com\/index.php?rest_route=\/wp\/v2\/posts\/43373","targetHints":{"allow":["GET"]}}],"collection":[{"href":"https:\/\/www.mladibl.com\/index.php?rest_route=\/wp\/v2\/posts"}],"about":[{"href":"https:\/\/www.mladibl.com\/index.php?rest_route=\/wp\/v2\/types\/post"}],"author":[{"embeddable":true,"href":"https:\/\/www.mladibl.com\/index.php?rest_route=\/wp\/v2\/users\/1"}],"replies":[{"embeddable":true,"href":"https:\/\/www.mladibl.com\/index.php?rest_route=%2Fwp%2Fv2%2Fcomments&post=43373"}],"version-history":[{"count":1,"href":"https:\/\/www.mladibl.com\/index.php?rest_route=\/wp\/v2\/posts\/43373\/revisions"}],"predecessor-version":[{"id":43374,"href":"https:\/\/www.mladibl.com\/index.php?rest_route=\/wp\/v2\/posts\/43373\/revisions\/43374"}],"wp:featuredmedia":[{"embeddable":true,"href":"https:\/\/www.mladibl.com\/index.php?rest_route=\/wp\/v2\/media\/43370"}],"wp:attachment":[{"href":"https:\/\/www.mladibl.com\/index.php?rest_route=%2Fwp%2Fv2%2Fmedia&parent=43373"}],"wp:term":[{"taxonomy":"category","embeddable":true,"href":"https:\/\/www.mladibl.com\/index.php?rest_route=%2Fwp%2Fv2%2Fcategories&post=43373"},{"taxonomy":"post_tag","embeddable":true,"href":"https:\/\/www.mladibl.com\/index.php?rest_route=%2Fwp%2Fv2%2Ftags&post=43373"}],"curies":[{"name":"wp","href":"https:\/\/api.w.org\/{rel}","templated":true}]}}