{"id":43271,"date":"2024-12-04T12:49:26","date_gmt":"2024-12-04T10:49:26","guid":{"rendered":"https:\/\/www.mladibl.com\/?p=43271"},"modified":"2024-12-04T12:49:31","modified_gmt":"2024-12-04T10:49:31","slug":"pogledajte-program-kuca-milanovica-donosi-bogate-i-raznovrsne-sadrzaje-i-u-decembru","status":"publish","type":"post","link":"https:\/\/www.mladibl.com\/?p=43271","title":{"rendered":"Pogledajte program: Ku\u0107a Milanovi\u0107a donosi bogate i raznovrsne sadr\u017eaje i u decembru"},"content":{"rendered":"\n<p>Ku\u0107a Milanovi\u0107a donosi i tokom decembra bogat i raznovrstan program, poput izlo\u017ebi, predavanja, promocije knjiga i koncerata.<\/p>\n\n\n\n<p>Iz programa izdvajamo poetsko ve\u010de pod nazivom \u201e\u010cetiri klasika\u201c koje \u0107e biti odr\u017eano 6. decembra, a na kojem \u0107e u\u010destvovati: Matija Be\u0107kovi\u0107, Ljubivoje R\u0161umovi\u0107, Pero Zubac i Du\u0161an Kova\u010devi\u0107.<\/p>\n\n\n\n<p>Sugra\u0111ani \u0107e imati priliku da u decembru u Ku\u0107i Milanovi\u0107a prisustvuju i predavanjima prof. dr Drage Mastilovi\u0107a (Izme\u0111u srpstva i jugoslovenstva \u2013 10. decembra), kao i predavanju prof. dr Zorana Arsovi\u0107a (Poetika otetog svijeta, 16. decembra).<\/p>\n\n\n\n<p>Najavljena je i dodjela nagrade \u201e\u0110uro Damjanovi\u0107\u201c za 17. decembar, kao i predstavljanje knjiga autora Gorana Daki\u0107a \u2013 11. decembra, Pavla Pavlice \u2013 12. decembra, Biljane Sari\u0107 \u2013 14. decembra i Nikole Radi\u0107a \u2013 23. decembra.<\/p>\n\n\n\n<p>Udru\u017eenje \u201eIskra\u201c od 13. do 15. decembra u Ku\u0107i Milanovi\u0107a priredi\u0107e humanitarnu izlo\u017ebu za djecu oboljelu od malignih oboljenja.<\/p>\n\n\n\n<p>Za kraj decembra planirano je vi\u0161e koncerata, kao i poetski teatar, a detaljan program za decembar mo\u017eete pogledati <a href=\"https:\/\/www.banjaluka.rs.ba\/wp-content\/uploads\/2024\/12\/DECEMBAR.pdf\">OVDJE<\/a>.<\/p>\n\n\n\n<p>Preuzeto sa: <a href=\"https:\/\/www.banjaluka.rs.ba\/pogledajte-program-kuce-milanovica-za-decembar\/\" target=\"_blank\" rel=\"noreferrer noopener\">Grad Banja Luka<\/a><\/p>\n","protected":false},"excerpt":{"rendered":"<p>Ku\u0107a Milanovi\u0107a donosi i tokom decembra bogat i raznovrstan program, poput izlo\u017ebi, predavanja, promocije knjiga i koncerata. Iz programa izdvajamo<\/p>\n","protected":false},"author":1,"featured_media":43264,"comment_status":"closed","ping_status":"open","sticky":false,"template":"","format":"standard","meta":{"om_disable_all_campaigns":false,"_monsterinsights_skip_tracking":false,"_monsterinsights_sitenote_active":false,"_monsterinsights_sitenote_note":"","_monsterinsights_sitenote_category":0,"footnotes":""},"categories":[2],"tags":[7213,10065,1102],"class_list":["post-43271","post","type-post","status-publish","format-standard","has-post-thumbnail","hentry","category-vijesti","tag-decembar","tag-kuca-milanovica","tag-program"],"jetpack_featured_media_url":"https:\/\/www.mladibl.com\/wp-content\/uploads\/2024\/12\/Pogledajte-program_-Kuca-Milanovica-donosi-bogate-i-raznovrsne-sadrzaje-i-u-decembru.jpg","amp_enabled":true,"_links":{"self":[{"href":"https:\/\/www.mladibl.com\/index.php?rest_route=\/wp\/v2\/posts\/43271","targetHints":{"allow":["GET"]}}],"collection":[{"href":"https:\/\/www.mladibl.com\/index.php?rest_route=\/wp\/v2\/posts"}],"about":[{"href":"https:\/\/www.mladibl.com\/index.php?rest_route=\/wp\/v2\/types\/post"}],"author":[{"embeddable":true,"href":"https:\/\/www.mladibl.com\/index.php?rest_route=\/wp\/v2\/users\/1"}],"replies":[{"embeddable":true,"href":"https:\/\/www.mladibl.com\/index.php?rest_route=%2Fwp%2Fv2%2Fcomments&post=43271"}],"version-history":[{"count":1,"href":"https:\/\/www.mladibl.com\/index.php?rest_route=\/wp\/v2\/posts\/43271\/revisions"}],"predecessor-version":[{"id":43272,"href":"https:\/\/www.mladibl.com\/index.php?rest_route=\/wp\/v2\/posts\/43271\/revisions\/43272"}],"wp:featuredmedia":[{"embeddable":true,"href":"https:\/\/www.mladibl.com\/index.php?rest_route=\/wp\/v2\/media\/43264"}],"wp:attachment":[{"href":"https:\/\/www.mladibl.com\/index.php?rest_route=%2Fwp%2Fv2%2Fmedia&parent=43271"}],"wp:term":[{"taxonomy":"category","embeddable":true,"href":"https:\/\/www.mladibl.com\/index.php?rest_route=%2Fwp%2Fv2%2Fcategories&post=43271"},{"taxonomy":"post_tag","embeddable":true,"href":"https:\/\/www.mladibl.com\/index.php?rest_route=%2Fwp%2Fv2%2Ftags&post=43271"}],"curies":[{"name":"wp","href":"https:\/\/api.w.org\/{rel}","templated":true}]}}