{"id":43163,"date":"2024-12-01T23:38:07","date_gmt":"2024-12-01T21:38:07","guid":{"rendered":"https:\/\/www.mladibl.com\/?p=43163"},"modified":"2024-12-01T23:38:13","modified_gmt":"2024-12-01T21:38:13","slug":"zimska-carolija-stigla-u-banju-luku-banjalucka-zima-i-zimzobal-donose-bogat-i-zabavan-sadrzaj-u-nerednih-mjesec-dana","status":"publish","type":"post","link":"https:\/\/www.mladibl.com\/?p=43163","title":{"rendered":"Zimska \u010darolija stigla u Banju Luku: Banjalu\u010dka zima i Zimzobal donose bogat i zabavan sadr\u017eaj u nerednih mjesec dana"},"content":{"rendered":"\n<p>Vile, vilenjaci, Djed Mraz sa mno\u0161tvom poklona, te sjajni muzi\u010dki i zabavni nastupi dio su magi\u010dne zime koja je stigla i u na\u0161 grad.<\/p>\n\n\n\n<p>Najljep\u0161i zimski market \u201eZimzobal\u201c, koji je prire\u0111en u sklopu jo\u0161 jedne, izuzetno bogate manifestacije \u201eBanjalu\u010dka zima\u201c je otvorio vrata za sve na\u0161e sugra\u0111ane, ali i brojne posjetioce kojih je iz godine u godinu sve vi\u0161e u na\u0161em gradu.<\/p>\n\n\n\n<p>Kako je naglasio gradona\u010delnik, Dra\u0161ko Stanivukovi\u0107 koji je prisustvovao otvaranju jo\u0161 jedne zimske magije \u2013 Banja Luka iz godine u godinu, zahvaljuju\u0107i sjajnim manifestacijama, ru\u0161i sve rekorde posje\u0107enosti.<\/p>\n\n\n\n<p>-Poruka koju \u017eelimo da po\u0161aljemo odavde jeste \u2013 neka Be\u010da, Budimpe\u0161te i Zagreba, ali tu je i Banja Luka. Mi imamo ambiciju da&nbsp;u regionu ali i dalje od toga budemo prvi i najbolji po pitanju manifestacija tokom praznika. Banja Luka \u201eBanjalu\u010dkom zimom\u201c, odnosno \u201eZimzobalom\u201c i \u201eZimzoparkom\u201c, nakitom, ukrasima, doga\u0111ajima i manifestacijama, ali i ljudima koji \u0107e posjetiti na\u0161 grad \u2013&nbsp; postaje mjesto koje prednja\u010di u regionu. Nastavi\u0107em tako i dalje da radimo. Ove godine nikad ve\u0107i broj turista u na\u0161em gradu, svi smje\u0161tajni kapaciteti su popunjeni \u2013 rekao je gradona\u010delnik.<\/p>\n\n\n\n<p>Naglasio je i to kako je ove godine oki\u0107eno i ure\u0111eno vi\u0161e dijelova grada, te da je sadr\u017eaj koji je organizovan prilago\u0111en svima.<\/p>\n\n\n\n<p>-Zadali smo makismalne ciljeve ove godine, koje svakako ve\u0107 sada planiramo da prestignemo i naredne.&nbsp;Raduje me ova manifestacija koja poprima svoj puni sjaj svih 30 dana i vi\u0161e, koliko traje. Potrebno je naglasiti i da Park \u201eMladen Stojanovi\u0107\u201c tako\u0111e dobija druga\u010diji sjaj, a da nam za do\u010dek Nove godine dolaze regionalne zvijezde. Kada je rije\u010d o popularnoj reprizi, ima\u0107emo \u010dek tri stejd\u017ea, dakle za svakoga po ne\u0161to \u2013 istakao je on.<\/p>\n\n\n\n<p>Stanivukovi\u0107 je dodao i to kako je i ovogodi\u0161nja manifestacija kreirana prema sloganu da je Banja Luka porodica.<\/p>\n\n\n\n<p>-To zna\u010di da smo priredili sadr\u017eaj za sve i da \u0107e svi mo\u0107i da u\u017eivaju. Danas \u017eelim svima da po\u017eelim dobrodo\u0161licu i da sve pozovem da do\u0111u u Banju Luku. Banja Luka otvara svoja vrata za sve.&nbsp;Sa entuzijazmom do\u010dekujemo predstoje\u0107e praznike \u2013 rekao je gradona\u010delnik.<\/p>\n\n\n\n<p>Direktor Gradske razvojne agencije, Neven Stani\u0107, poru\u010dio je kako je Gradskoj razvojnoj agenciji i ove godine povjerena organizacija \u201eZimzobala\u201c, te da su u proteklih nekoliko mjeseci svi zajedno vrijedno radili.<\/p>\n\n\n\n<p>-Na\u0161 interes i cilj jesu da ovaj \u201eZimzobal\u201c bude \u0161to bolje organizovan i da samim tim privu\u010de \u0161to vi\u0161e turista, a da istovremeno imamo i sad\u017eraje za sve na\u0161e sugra\u0111ane. Da bi u tome uspjeli, potrebno je da imamo zanimljiv program. Ove godine \u201eZimzobal\u201c ima 22&nbsp;ku\u0107ice, dodatni program za djecu, te vi\u0161e od 300 sati raznog sadr\u017eaja \u2013 od radionica, nastupa doma\u0107ih muzi\u010dara i sli\u010dno. Svaki dan \u0107emo imati odre\u0111eni broj aktivnosti i o\u010dekujemo da sve protekne u najboljem redu \u2013 kazao je on.<\/p>\n\n\n\n<p>Da Banja Luka podi\u017ee letvicu svake godine kada je rije\u010d o organizaciji doga\u0111aja, potvrdila je i Milada \u0160ukalo.<\/p>\n\n\n\n<p>-Godinama iza nas novogodi\u0161nje manifestacije postale su u brend u Evropi. To je period godine kada sve zemlje i gradovi imaju navje\u0107i broj turista i manifestacija u svom gradu. Prije \u010detiri godine gradona\u010delnik&nbsp;je imao viziju da Banju Luku stavimo na turisti\u010dku mapu, te da imamo godi\u0161nje aktivnosti koje \u0107e dovesti turiste u grad. Deset slu\u017ebi je pripremalo grad za ovo, a pripreme su trajale skoro dva mjeseca \u2013 kazala je \u0160ukalo, naglasiv\u0161i kako je cilj gradske admnistracije da Banju Luku posjeti \u0161to vi\u0161e turista, te da ponovo svi rekordi budu oboreni.<\/p>\n\n\n\n<p>Nakon otvaranja \u201eZimzobala\u201c, sve prisutne zabavlja\u0107e Andrej Pucarevi\u0107.<\/p>\n\n\n\n<p>Naime, u narednih mjesec dana, program \u0107e biti ispunjen muzikom, zabavom i iznena\u0111enjima za cijelu porodicu.<\/p>\n\n\n\n<p>Uz izuzetno bogat sadr\u017eaj i poseban prazni\u010dni duh, Banja Luka \u0107e \u2013 nema sumnje, jo\u0161 jednom oboriti rekorde posje\u0107enosti.<\/p>\n\n\n\n<p>Preuzeto sa: <a href=\"https:\/\/www.banjaluka.rs.ba\/zimska-carolija-stigla-u-banju-luku\/\" target=\"_blank\" rel=\"noreferrer noopener\">Grad Banja Luka<\/a><\/p>\n","protected":false},"excerpt":{"rendered":"<p>Vile, vilenjaci, Djed Mraz sa mno\u0161tvom poklona, te sjajni muzi\u010dki i zabavni nastupi dio su magi\u010dne zime koja je stigla<\/p>\n","protected":false},"author":1,"featured_media":43173,"comment_status":"closed","ping_status":"open","sticky":false,"template":"","format":"standard","meta":{"om_disable_all_campaigns":false,"_monsterinsights_skip_tracking":false,"_monsterinsights_sitenote_active":false,"_monsterinsights_sitenote_note":"","_monsterinsights_sitenote_category":0,"footnotes":""},"categories":[2],"tags":[10093,3271,9970],"class_list":["post-43163","post","type-post","status-publish","format-standard","has-post-thumbnail","hentry","category-vijesti","tag-zima","tag-zimska-carolija","tag-zimzobal"],"jetpack_featured_media_url":"https:\/\/www.mladibl.com\/wp-content\/uploads\/2024\/12\/Zimska-carolija-stigla-u-Banju-Luku.jpg","amp_enabled":true,"_links":{"self":[{"href":"https:\/\/www.mladibl.com\/index.php?rest_route=\/wp\/v2\/posts\/43163","targetHints":{"allow":["GET"]}}],"collection":[{"href":"https:\/\/www.mladibl.com\/index.php?rest_route=\/wp\/v2\/posts"}],"about":[{"href":"https:\/\/www.mladibl.com\/index.php?rest_route=\/wp\/v2\/types\/post"}],"author":[{"embeddable":true,"href":"https:\/\/www.mladibl.com\/index.php?rest_route=\/wp\/v2\/users\/1"}],"replies":[{"embeddable":true,"href":"https:\/\/www.mladibl.com\/index.php?rest_route=%2Fwp%2Fv2%2Fcomments&post=43163"}],"version-history":[{"count":1,"href":"https:\/\/www.mladibl.com\/index.php?rest_route=\/wp\/v2\/posts\/43163\/revisions"}],"predecessor-version":[{"id":43174,"href":"https:\/\/www.mladibl.com\/index.php?rest_route=\/wp\/v2\/posts\/43163\/revisions\/43174"}],"wp:featuredmedia":[{"embeddable":true,"href":"https:\/\/www.mladibl.com\/index.php?rest_route=\/wp\/v2\/media\/43173"}],"wp:attachment":[{"href":"https:\/\/www.mladibl.com\/index.php?rest_route=%2Fwp%2Fv2%2Fmedia&parent=43163"}],"wp:term":[{"taxonomy":"category","embeddable":true,"href":"https:\/\/www.mladibl.com\/index.php?rest_route=%2Fwp%2Fv2%2Fcategories&post=43163"},{"taxonomy":"post_tag","embeddable":true,"href":"https:\/\/www.mladibl.com\/index.php?rest_route=%2Fwp%2Fv2%2Ftags&post=43163"}],"curies":[{"name":"wp","href":"https:\/\/api.w.org\/{rel}","templated":true}]}}