{"id":43160,"date":"2024-11-29T21:50:20","date_gmt":"2024-11-29T19:50:20","guid":{"rendered":"https:\/\/www.mladibl.com\/?p=43160"},"modified":"2024-11-29T21:50:26","modified_gmt":"2024-11-29T19:50:26","slug":"prilika-za-zene-start-up-program-strong-woman-strong-business","status":"publish","type":"post","link":"https:\/\/www.mladibl.com\/?p=43160","title":{"rendered":"Prilika za \u017eene: Start-up program &#8220;Strong Woman, Strong Business&#8221;"},"content":{"rendered":"\n<p>Udru\u017eenje \u017dene za \u017dene International ima otvoren poziv za start-up program za \u017eene kojeg molimo da objavite na va\u0161im web stranicama i profilima na dru\u0161tvenim mre\u017eama i\/ili proslijedite svima za koje smatrate da im ova informacija mo\u017ee koristiti, a naro\u010dito \u017eenama koje razmi\u0161ljaju o pokretanju vlastitog biznisa ili su trenutno u fazi registracije. U prilogu dostavljamo vizual kojeg mo\u017eete iskoristiti za objavu.<\/p>\n\n\n\n<p><em>Vrijeme je da oja\u010date ili ostvarite svoje poduzetni\u010dke ambicije!<\/em><\/p>\n\n\n\n<p>U okviru projekta \u201eTowards Equality: Women and citizens in action for more inclusive societies in Bosnia and Herzegovina and Eeastern Europe\u201d, Udru\u017eenje \u017dene za \u017dene International poziva sve \u017eene koje \u017eele pokrenuti vlastiti biznis i unaprijediti svoje poduzetni\u010dke kompetencije da se prijave na start-up program \u201eStrong Woman, Strong Business\u201c.&nbsp;<\/p>\n\n\n\n<p>Ovaj program ima za cilj unaprijediti i promovisati poduzetni\u0161tvo \u017eena, pru\u017eaju\u0107i im priliku da se educiraju, dobiju stru\u010dnu i mentorsku podr\u0161ku kao i finansijsku podr\u0161ku za razvoj svog biznisa. Vjerujemo da je dru\u0161tvo jako onda kada su \u017eene jake i osna\u017eene \u2013 ekonomski neovisne.<\/p>\n\n\n\n<p><strong>\u0160ta program nudi?<\/strong><\/p>\n\n\n\n<ul class=\"wp-block-list\">\n<li>Jedinstven prostor u Sarajevu \u2013 Centar za \u017eene Sist\u2019Her u kojem se mogu okupljati, razmjenjivati znanje i umre\u017eavati sa drugim poduzetnicama i stru\u010dnjakinjama iz razli\u010ditih oblasti;<\/li>\n\n\n\n<li>Edukaciju u trajanju od tri mjeseca (5 jednodnevnih obuka i dva bootcampa);<\/li>\n\n\n\n<li>Individualni mentoring od strane trenera na dodatnom unapre\u0111enju poslovne ideje;<\/li>\n\n\n\n<li>Za najbolje ocijenjene poslovne ideje \u2013 bespovratna finansijska podr\u0161ka u iznosu do 6000 KM;<\/li>\n\n\n\n<li>Za najbolje ocijenjene poslovne ideje \u2013 mentorska podr\u0161ka stru\u010dnjaka\/kinja iz djelatnosti u kojoj se poslovna ideja razvija.<\/li>\n<\/ul>\n\n\n\n<p><strong>Kome je namijenjen?<\/strong><\/p>\n\n\n\n<ul class=\"wp-block-list\">\n<li>Nezaposlenim \u017eenama koje imaju poslovnu ideju i \u017eele pokrenuti vlastiti biznis u BiH;<\/li>\n\n\n\n<li>Udru\u017eenjima \u017eena koja \u017eele osnovati dru\u0161tveno poduze\u0107e;<\/li>\n\n\n\n<li>Zaposlenim \u017eenama koje su zaposlene ali \u017eele pokrenuti vlastiti biznis kao dodatnu djelatnost ili dru\u0161tvo sa ograni\u010denom odgovorno\u0161\u0107u.<\/li>\n<\/ul>\n\n\n\n<p>Edukacije \u0107e se odr\u017eavati u Centru za \u017eene Sist\u2019Her u Sarajevu prema dogovorenom rasporedu. Za polaznice iz drugih gradova, tro\u0161kovi prevoza i smje\u0161taja nisu osigurani.&nbsp;<\/p>\n\n\n\n<p><strong>Kako se prijaviti?&nbsp;<\/strong><\/p>\n\n\n\n<p>Prijave se podnose isklju\u010divo&nbsp;<em>online<\/em>&nbsp;putem obrasca:&nbsp;<a href=\"https:\/\/forms.gle\/KH7xDC7WuS49Uo5D7\" target=\"_blank\" rel=\"noreferrer noopener\">https:\/\/forms.gle\/KH7xDC7WuS49Uo5D7<\/a>&nbsp;<\/p>\n\n\n\n<p><strong>Rok za prijave 27.12.2024.<\/strong><\/p>\n\n\n\n<p><strong>Selekcija prijava<\/strong><\/p>\n\n\n\n<p>Aplikantice \u010dije prijave&nbsp; u\u0111u u u\u017ei krug \u0107e biti pozvane na selekcijske intervjue (zoom). Osnovni kriteriji za selekciju&nbsp; \u0107e biti nivo liderskih vje\u0161tina, profil polaznice, opis poslovne ideje (dru\u0161tveni i okoli\u0161ni uticaj), motivacija za u\u010de\u0161\u0107e u programu, ekonomska odr\u017eivost, inovativnost ideje i mogu\u0107nost programa da ispuni o\u010dekivanja polaznice.&nbsp;<\/p>\n\n\n\n<p><strong>Treba vam dodatna informacija?<\/strong><\/p>\n\n\n\n<p>Sve zainteresovane \u017eene se mogu informisati i istra\u017eiti informacije o programu putem info sesija \u201eIstra\u017ei poduzetni\u0161tvo\u201c koje \u0107e se kontinuirano odr\u017eavati u centru, a raspored istih mo\u017eete pogledati na web stranici&nbsp;<a href=\"https:\/\/sisther.zenezazene.ba\/kalendar-desavanja\/\" target=\"_blank\" rel=\"noreferrer noopener\">https:\/\/sisther.zenezazene.ba\/kalendar-desavanja\/<\/a><\/p>\n\n\n\n<p>Kontakt osoba: Venesa Omerhod\u017ei\u0107 Klempi\u0107 (<a href=\"mailto:venesa.klempic@zenezazene.ba\" target=\"_blank\" rel=\"noreferrer noopener\">venesa.klempic@zenezazene.ba<\/a>) Kontakt telefon: 062 502 509<\/p>\n\n\n\n<p><em>Ovaj projekat podr\u017eava Francuska razvojna agencija AFD i L\u2019Oreal fondacija, a implementiraju Udru\u017eenje \u017dene za \u017dene International i francuska organizacija Empow\u2019Her Global.<\/em><\/p>\n","protected":false},"excerpt":{"rendered":"<p>Udru\u017eenje \u017dene za \u017dene International ima otvoren poziv za start-up program za \u017eene kojeg molimo da objavite na va\u0161im web<\/p>\n","protected":false},"author":1,"featured_media":43131,"comment_status":"closed","ping_status":"open","sticky":false,"template":"","format":"standard","meta":{"om_disable_all_campaigns":false,"_monsterinsights_skip_tracking":false,"_monsterinsights_sitenote_active":false,"_monsterinsights_sitenote_note":"","_monsterinsights_sitenote_category":0,"footnotes":""},"categories":[370],"tags":[1102,341,13558,13557,814],"class_list":["post-43160","post","type-post","status-publish","format-standard","has-post-thumbnail","hentry","category-ostalo","tag-program","tag-startup","tag-strong-business","tag-strong-woman","tag-zene"],"jetpack_featured_media_url":"https:\/\/www.mladibl.com\/wp-content\/uploads\/2024\/11\/Strong-Woman-Strong-Business.jpg","amp_enabled":true,"_links":{"self":[{"href":"https:\/\/www.mladibl.com\/index.php?rest_route=\/wp\/v2\/posts\/43160","targetHints":{"allow":["GET"]}}],"collection":[{"href":"https:\/\/www.mladibl.com\/index.php?rest_route=\/wp\/v2\/posts"}],"about":[{"href":"https:\/\/www.mladibl.com\/index.php?rest_route=\/wp\/v2\/types\/post"}],"author":[{"embeddable":true,"href":"https:\/\/www.mladibl.com\/index.php?rest_route=\/wp\/v2\/users\/1"}],"replies":[{"embeddable":true,"href":"https:\/\/www.mladibl.com\/index.php?rest_route=%2Fwp%2Fv2%2Fcomments&post=43160"}],"version-history":[{"count":1,"href":"https:\/\/www.mladibl.com\/index.php?rest_route=\/wp\/v2\/posts\/43160\/revisions"}],"predecessor-version":[{"id":43161,"href":"https:\/\/www.mladibl.com\/index.php?rest_route=\/wp\/v2\/posts\/43160\/revisions\/43161"}],"wp:featuredmedia":[{"embeddable":true,"href":"https:\/\/www.mladibl.com\/index.php?rest_route=\/wp\/v2\/media\/43131"}],"wp:attachment":[{"href":"https:\/\/www.mladibl.com\/index.php?rest_route=%2Fwp%2Fv2%2Fmedia&parent=43160"}],"wp:term":[{"taxonomy":"category","embeddable":true,"href":"https:\/\/www.mladibl.com\/index.php?rest_route=%2Fwp%2Fv2%2Fcategories&post=43160"},{"taxonomy":"post_tag","embeddable":true,"href":"https:\/\/www.mladibl.com\/index.php?rest_route=%2Fwp%2Fv2%2Ftags&post=43160"}],"curies":[{"name":"wp","href":"https:\/\/api.w.org\/{rel}","templated":true}]}}