{"id":4316,"date":"2020-11-24T11:05:00","date_gmt":"2020-11-24T09:05:00","guid":{"rendered":"http:\/\/www.mladibl.com\/?p=4316"},"modified":"2020-11-24T11:05:03","modified_gmt":"2020-11-24T09:05:03","slug":"konferencija-zelena-ekonomija-u-bih-2020-mogucnosti-i-prepreke","status":"publish","type":"post","link":"https:\/\/www.mladibl.com\/?p=4316","title":{"rendered":"Konferencija \u201cZelena ekonomija u BiH 2020-mogu\u0107nosti i prepreke\u201d"},"content":{"rendered":"\n<p>\u010cetvrta po redu konferencija \u201eZelena ekonomija u BiH \u2013 mogu\u0107nosti i prepreke\u201c u organizaciji Fondacije Heinrich B\u00f6ll odr\u017eat \u0107e se 26. i 27. novembra 2020, u skladu sa situacijom, po prvi puta online.<\/p>\n\n\n\n<p>ZA 26.11.2020.<\/p>\n\n\n\n<p>REGISTRUJTE SE PUTEM LINKA: <strong><a href=\"https:\/\/us02web.zoom.us\/j\/86754951434\" target=\"_blank\" rel=\"noreferrer noopener\" aria-label=\"https:\/\/us02web.zoom.us\/j\/86754951434 (opens in a new tab)\">https:\/\/us02web.zoom.us\/j\/86754951434<\/a><\/strong><\/p>\n\n\n\n<p>ZA 27.11.2020.<\/p>\n\n\n\n<p>REGISTRUJTE SE PUTEM LINKA: <strong><a href=\"https:\/\/us02web.zoom.us\/j\/86744231033\" target=\"_blank\" rel=\"noreferrer noopener\" aria-label=\"https:\/\/us02web.zoom.us\/j\/86744231033 (opens in a new tab)\">https:\/\/us02web.zoom.us\/j\/86744231033<\/a><\/strong><\/p>\n\n\n\n<p>Bez obzira na ogroman potencijal za rast i zapo\u0161ljavanje zelena ekonomija, nikada do sada nije bila toliko u fokusu interesovanja kako javnosti, tako i donosioca odluka u BiH, kao zadnjih dana tijekom potpisivanja Zelene agende za Zapadni Balkan na regionalnom samitu u Sofiji.<\/p>\n\n\n\n<p>Zelena agenda trebala bi podsta\u0107i rast privrede i, istovremeno, rje\u0161avanje nekih od povezanih izazova u oblastima okoli\u0161a i zdravlja, poput zaga\u0111enja zraka, te omogu\u0107iti ogroman potencijal za razvoj i otvaranje radnih mjesta. Neke od klju\u010dnih oblasti Zelene agende su obnovljivi izvori energije, odbacivanje uglja, upravljanje otpadom, kao i odr\u017eivi sistem za opskrbu hranom i ruralna podru\u010dja.<\/p>\n\n\n\n<p>Cilj Konferencije je istra\u017eiti i naglasiti sve probleme, izazove, mogu\u0107nosti i \u0161anse koje Bosna i Hercegovina ima u procesu energetske tranzicije, cirkularne ekonomije i ruralnog razvoja tijekom dva dana 26.\/27.11.<\/p>\n\n\n\n<p>Devet panelista\/ica iz privrede, politike i nevladinog sektora \u0107e prezentirati trenutnu situaciju i diskutirati o tome \u0161ta trebamo i mo\u017eemo u\u010diniti kada govorimo o zelenoj ekonomiji u BiH.<\/p>\n\n\n\n<p>Za sve dodatne informacije molimo vas da kontaktirate Jasminku Bjelavac, <strong><a href=\"mailto:jasminka.bjelavac@ba.boell.org\" target=\"_blank\" rel=\"noreferrer noopener\" aria-label=\"jasminka.bjelavac@ba.boell.org (opens in a new tab)\">jasminka.bjelavac@ba.boell.org<\/a><\/strong>.<\/p>\n\n\n\n<figure class=\"wp-block-image\"><img loading=\"lazy\" decoding=\"async\" width=\"800\" height=\"771\" src=\"http:\/\/www.mladibl.com\/wp-content\/uploads\/2020\/11\/Konferencija-\u201cZelena-ekonomija-u-BiH-2020-mogu\u0107nosti-i-prepreke\u201d.jpg\" alt=\"\" class=\"wp-image-4318\" srcset=\"https:\/\/www.mladibl.com\/wp-content\/uploads\/2020\/11\/Konferencija-\u201cZelena-ekonomija-u-BiH-2020-mogu\u0107nosti-i-prepreke\u201d.jpg 800w, https:\/\/www.mladibl.com\/wp-content\/uploads\/2020\/11\/Konferencija-\u201cZelena-ekonomija-u-BiH-2020-mogu\u0107nosti-i-prepreke\u201d-300x289.jpg 300w, https:\/\/www.mladibl.com\/wp-content\/uploads\/2020\/11\/Konferencija-\u201cZelena-ekonomija-u-BiH-2020-mogu\u0107nosti-i-prepreke\u201d-768x740.jpg 768w\" sizes=\"auto, (max-width: 800px) 100vw, 800px\" \/><\/figure>\n\n\n\n<p>Preuzeto sa: <a rel=\"noreferrer noopener\" aria-label=\"hocu.ba (opens in a new tab)\" href=\"https:\/\/www.hocu.ba\/indexphp\/hocupriliku\/konferencija-zelena-ekonomija-u-bih-2020-mogucnosti-i-prepreke\/\" target=\"_blank\">hocu.ba<\/a><\/p>\n","protected":false},"excerpt":{"rendered":"<p>\u010cetvrta po redu konferencija \u201eZelena ekonomija u BiH \u2013 mogu\u0107nosti i prepreke\u201c u organizaciji Fondacije Heinrich B\u00f6ll odr\u017eat \u0107e se<\/p>\n","protected":false},"author":1,"featured_media":4317,"comment_status":"closed","ping_status":"open","sticky":false,"template":"","format":"standard","meta":{"om_disable_all_campaigns":false,"_monsterinsights_skip_tracking":false,"_monsterinsights_sitenote_active":false,"_monsterinsights_sitenote_note":"","_monsterinsights_sitenote_category":0,"footnotes":""},"categories":[6],"tags":[512,695,2109,184,2089,2108,2107],"class_list":["post-4316","post","type-post","status-publish","format-standard","has-post-thumbnail","hentry","category-dogadjaji","tag-bih","tag-fondacija","tag-heinrich-boll","tag-konferencija","tag-mogucnosti","tag-prepreke","tag-zelena-ekonomija"],"jetpack_featured_media_url":"https:\/\/www.mladibl.com\/wp-content\/uploads\/2020\/11\/Konferencija-\u201cZelena-ekonomija-u-BiH-2020-mogu\u0107nosti-i-prepreke\u201d-2.jpg","amp_enabled":true,"_links":{"self":[{"href":"https:\/\/www.mladibl.com\/index.php?rest_route=\/wp\/v2\/posts\/4316","targetHints":{"allow":["GET"]}}],"collection":[{"href":"https:\/\/www.mladibl.com\/index.php?rest_route=\/wp\/v2\/posts"}],"about":[{"href":"https:\/\/www.mladibl.com\/index.php?rest_route=\/wp\/v2\/types\/post"}],"author":[{"embeddable":true,"href":"https:\/\/www.mladibl.com\/index.php?rest_route=\/wp\/v2\/users\/1"}],"replies":[{"embeddable":true,"href":"https:\/\/www.mladibl.com\/index.php?rest_route=%2Fwp%2Fv2%2Fcomments&post=4316"}],"version-history":[{"count":1,"href":"https:\/\/www.mladibl.com\/index.php?rest_route=\/wp\/v2\/posts\/4316\/revisions"}],"predecessor-version":[{"id":4319,"href":"https:\/\/www.mladibl.com\/index.php?rest_route=\/wp\/v2\/posts\/4316\/revisions\/4319"}],"wp:featuredmedia":[{"embeddable":true,"href":"https:\/\/www.mladibl.com\/index.php?rest_route=\/wp\/v2\/media\/4317"}],"wp:attachment":[{"href":"https:\/\/www.mladibl.com\/index.php?rest_route=%2Fwp%2Fv2%2Fmedia&parent=4316"}],"wp:term":[{"taxonomy":"category","embeddable":true,"href":"https:\/\/www.mladibl.com\/index.php?rest_route=%2Fwp%2Fv2%2Fcategories&post=4316"},{"taxonomy":"post_tag","embeddable":true,"href":"https:\/\/www.mladibl.com\/index.php?rest_route=%2Fwp%2Fv2%2Ftags&post=4316"}],"curies":[{"name":"wp","href":"https:\/\/api.w.org\/{rel}","templated":true}]}}