{"id":42795,"date":"2024-11-08T08:14:31","date_gmt":"2024-11-08T06:14:31","guid":{"rendered":"https:\/\/www.mladibl.com\/?p=42795"},"modified":"2024-11-08T08:14:37","modified_gmt":"2024-11-08T06:14:37","slug":"univerzitet-u-banjaluci-obiljezio-49-godina-rada","status":"publish","type":"post","link":"https:\/\/www.mladibl.com\/?p=42795","title":{"rendered":"Univerzitet u Banjaluci obilje\u017eio 49 godina rada"},"content":{"rendered":"\n<p>U Kulturnom centru Banski dvor u Banjaluci odr\u017eana je sve\u010dana akademija povodom obilje\u017eavanja 49 godina rada i razvoja Univerziteta u Banjaluci.<\/p>\n\n\n\n<p>Radoslav Gajanin, rektor Univerziteta u Banjaluci, isti\u010de da je ovaj univerzitet uspje\u0161no radi ve\u0107 49 godina i da napreduje na svim poljima zahvaljuju\u0107i sna\u017enoj podr\u0161ci Vlade Republike Srpske.<\/p>\n\n\n\n<p>&#8220;Zadovoljni smo brojem studenata i svake godine imamo renomirane studijske programe, a ove godine su pokrenuti novi&#8221;, rekao je Gajanin.<\/p>\n\n\n\n<p>Prema njegovim rije\u010dima, ono \u0161to ga posebno raduje je me\u0111unarodna saradnja koja dobija na zna\u010daju, te brojni profesori u okviru saradnje idu u Kinu, Rusiju, te druge evropske zemlje.<\/p>\n\n\n\n<figure class=\"wp-block-image\"><img decoding=\"async\" src=\"https:\/\/galerija.nezavisne.rs\/v\/20241107131308346815.jpg\" alt=\"\" title=\"\"\/><\/figure>\n\n\n\n<p>&#8220;Potpisano je 25 sporazuma o poslovno-tehni\u010dkoj saradnji. Ove godine u\u010destvujemo u 10 razvojnih projekata sa nastavnicima i saradnicima&#8221;, istakao je Gajanin.<\/p>\n\n\n\n<p>Kako je dodao, ove godine nov\u010dano je nagra\u0111eno 95 najboljih nastavnika i saradnika za postignute rezultate.<\/p>\n\n\n\n<p>&#8220;Univerzitet ja\u010da i u prostornim kapacitetima i brojni projekti su u toku. Ovi rezultati se posti\u017eu uz jaku podr\u0161ku Vlade Srpske i zahvaljujem premijeru i resornom ministru i obe\u0107avam da \u0107emo biti bolji&#8221;, rekao je Gajanin.<\/p>\n\n\n\n<p>Radovan Vi\u0161kovi\u0107, premijer Republike Srpske, izjavio je da je Univerzitet u Banjaluci, veoma va\u017ena obrazovna institucija, te je kako ka\u017ee iznjedrio veliki broj ljudi i ambasadora koji predstavljaju Srpsku \u0161irom svijeta.<\/p>\n\n\n\n<p>&#8220;\u017delja nam je da se pove\u0107a broj upisnih kvota na Elektrotehni\u010dkom fakultetu, jer je to primaljivo tr\u017ei\u0161te i moraju se obezbijediti uslovi za to&#8221;, kazao je Vi\u0161kovi\u0107, dodaju\u0107i da raste interesovanje za dva javna univerziteta koja su se prilagodila tr\u017ei\u0161nim potrebama, a izgradnja nau\u010dno-tehnolo\u0161kog parka u Kampusu \u0107e stvoriti uslove za povezivanje nauke i privrede, \u0161to je \u017eelja Srpske i najve\u0107a investicija.<\/p>\n\n\n\n<p>\u017deljko Budimir, ministar za nau\u010dnotehnolo\u0161ki razvoj i visoko obrazovanje Republike Srpske, rekao je da je Srpska ponosna na dva javna univerziteta koji su njene najva\u017enije visoko\u0161kolske ustanove, \u0161to pokazuju i uspjesi studenata i nastavnika. Kako je rekao, Vlada planira niz kapitalnih investicija i rekonstrukciju krova na Elektrotehni\u010dkom fakultetu.<\/p>\n\n\n\n<p>Gavrilo \u010camber, student generacije, koji je diplomirao na Filozofskom fakultetu u Banjaluci sa prosjekom 10, rekao je da su mu studentski dani bili posebni i da planira da nastavi da se bavi nau\u010dnim radom.<\/p>\n\n\n\n<p>&#8220;Volim rad sa djecom, jer je on poseban i pru\u017ea veliku ljubav. Volio bih ostati u Republici Srpskoj jer sam tu ro\u0111en i \u017eivim&#8221;, rekao je \u010camber.<\/p>\n\n\n\n<p>Uru\u010dene su povelje i plakete zaslu\u017enim pojedincima i institucijama, ali i najboljim diplomiranim studentima prvog ciklusa studija u akademskoj 2021\/22. godini dok je ministar za nau\u010dnotehnolo\u0161ki razvoj i visoko obrazovanje Republike Srpske uru\u010dena Povelja za naro\u010dite zasluge i izuzetan doprinos u razvoju Univerziteta.<\/p>\n\n\n\n<p>Preuzeto sa: <a href=\"https:\/\/www.nezavisne.com\/novosti\/banjaluka\/Univerzitet-u-Banjaluci-obiljezio-49-godina-rada\/867978\" target=\"_blank\" rel=\"noreferrer noopener\">Nezavisne<\/a><\/p>\n","protected":false},"excerpt":{"rendered":"<p>U Kulturnom centru Banski dvor u Banjaluci odr\u017eana je sve\u010dana akademija povodom obilje\u017eavanja 49 godina rada i razvoja Univerziteta u<\/p>\n","protected":false},"author":1,"featured_media":42804,"comment_status":"closed","ping_status":"open","sticky":false,"template":"","format":"standard","meta":{"om_disable_all_campaigns":false,"_monsterinsights_skip_tracking":false,"_monsterinsights_sitenote_active":false,"_monsterinsights_sitenote_note":"","_monsterinsights_sitenote_category":0,"footnotes":""},"categories":[2],"tags":[1890,1255,74],"class_list":["post-42795","post","type-post","status-publish","format-standard","has-post-thumbnail","hentry","category-vijesti","tag-godisnjica","tag-obiljezavanje","tag-univerzitet-u-banjoj-luci"],"jetpack_featured_media_url":"https:\/\/www.mladibl.com\/wp-content\/uploads\/2024\/11\/Univerzitet-u-Banjaluci-obiljezio-49-godina-rada.jpg","amp_enabled":true,"_links":{"self":[{"href":"https:\/\/www.mladibl.com\/index.php?rest_route=\/wp\/v2\/posts\/42795","targetHints":{"allow":["GET"]}}],"collection":[{"href":"https:\/\/www.mladibl.com\/index.php?rest_route=\/wp\/v2\/posts"}],"about":[{"href":"https:\/\/www.mladibl.com\/index.php?rest_route=\/wp\/v2\/types\/post"}],"author":[{"embeddable":true,"href":"https:\/\/www.mladibl.com\/index.php?rest_route=\/wp\/v2\/users\/1"}],"replies":[{"embeddable":true,"href":"https:\/\/www.mladibl.com\/index.php?rest_route=%2Fwp%2Fv2%2Fcomments&post=42795"}],"version-history":[{"count":1,"href":"https:\/\/www.mladibl.com\/index.php?rest_route=\/wp\/v2\/posts\/42795\/revisions"}],"predecessor-version":[{"id":42805,"href":"https:\/\/www.mladibl.com\/index.php?rest_route=\/wp\/v2\/posts\/42795\/revisions\/42805"}],"wp:featuredmedia":[{"embeddable":true,"href":"https:\/\/www.mladibl.com\/index.php?rest_route=\/wp\/v2\/media\/42804"}],"wp:attachment":[{"href":"https:\/\/www.mladibl.com\/index.php?rest_route=%2Fwp%2Fv2%2Fmedia&parent=42795"}],"wp:term":[{"taxonomy":"category","embeddable":true,"href":"https:\/\/www.mladibl.com\/index.php?rest_route=%2Fwp%2Fv2%2Fcategories&post=42795"},{"taxonomy":"post_tag","embeddable":true,"href":"https:\/\/www.mladibl.com\/index.php?rest_route=%2Fwp%2Fv2%2Ftags&post=42795"}],"curies":[{"name":"wp","href":"https:\/\/api.w.org\/{rel}","templated":true}]}}