{"id":42762,"date":"2024-11-06T22:56:55","date_gmt":"2024-11-06T20:56:55","guid":{"rendered":"https:\/\/www.mladibl.com\/?p=42762"},"modified":"2024-11-06T22:57:01","modified_gmt":"2024-11-06T20:57:01","slug":"u-subotu-dan-banskog-dvora-u-znaku-betovena","status":"publish","type":"post","link":"https:\/\/www.mladibl.com\/?p=42762","title":{"rendered":"U subotu: Dan Banskog dvora u znaku Betovena"},"content":{"rendered":"\n<p>Povodom obilje\u017eavanja Dana Banskog dvora u Koncertnoj dvorani u subotu, 9. novembra u 20.00 \u010dasova bi\u010d\u0107e odr\u017ean koncert pod nazivom \u201eVe\u010de Betovena\u201c zdru\u017eenog simfonijskog orkestra Akademije umjetnosti UNIBL i kamernog orkestra Ban Svetislav Tisa Milosavljevi\u0107.<\/p>\n\n\n\n<p>-Kao solista \u0107e nastupiti pijanista Arsen \u010carki\u0107, dok \u0107e orkestrom dirigovati Branka Rado\u0161evi\u0107 Mitrovi\u0107.&nbsp;Ovaj koncert ujedno predstavlja nastavak vi\u0161egodi\u0161nje prakse Banskog dvora koja pored predstavljanja zna\u010dajnih internacionalnih umjetnika, istovremeno podrazumijeva i kontinuiranu promociju i predstavljanje rada na\u0161ih umjetnika i ansambala \u2013 navedeno je u saop\u0161tenju Banskog dvora.<\/p>\n\n\n\n<p>Pozivnice za koncert mogu se preuzeti na biletarnici Banskog dvora u periodu od 12.00 do 18.00 \u010dasova.<\/p>\n\n\n\n<p>Preuzeto sa: <a href=\"https:\/\/www.banjaluka.rs.ba\/u-subotu-dan-banskog-dvora-u-znaku-betovena\/\" target=\"_blank\" rel=\"noreferrer noopener\">Grad Banja Luka<\/a><\/p>\n","protected":false},"excerpt":{"rendered":"<p>Povodom obilje\u017eavanja Dana Banskog dvora u Koncertnoj dvorani u subotu, 9. novembra u 20.00 \u010dasova bi\u010d\u0107e odr\u017ean koncert pod nazivom<\/p>\n","protected":false},"author":1,"featured_media":42771,"comment_status":"closed","ping_status":"open","sticky":false,"template":"","format":"standard","meta":{"om_disable_all_campaigns":false,"_monsterinsights_skip_tracking":false,"_monsterinsights_sitenote_active":false,"_monsterinsights_sitenote_note":"","_monsterinsights_sitenote_category":0,"footnotes":""},"categories":[2],"tags":[881,13485,3536],"class_list":["post-42762","post","type-post","status-publish","format-standard","has-post-thumbnail","hentry","category-vijesti","tag-banski-dvor","tag-betoven","tag-koncert"],"jetpack_featured_media_url":"https:\/\/www.mladibl.com\/wp-content\/uploads\/2024\/11\/U-subotu_-Dan-Banskog-dvora-u-znaku-Betovena.jpg","amp_enabled":true,"_links":{"self":[{"href":"https:\/\/www.mladibl.com\/index.php?rest_route=\/wp\/v2\/posts\/42762","targetHints":{"allow":["GET"]}}],"collection":[{"href":"https:\/\/www.mladibl.com\/index.php?rest_route=\/wp\/v2\/posts"}],"about":[{"href":"https:\/\/www.mladibl.com\/index.php?rest_route=\/wp\/v2\/types\/post"}],"author":[{"embeddable":true,"href":"https:\/\/www.mladibl.com\/index.php?rest_route=\/wp\/v2\/users\/1"}],"replies":[{"embeddable":true,"href":"https:\/\/www.mladibl.com\/index.php?rest_route=%2Fwp%2Fv2%2Fcomments&post=42762"}],"version-history":[{"count":1,"href":"https:\/\/www.mladibl.com\/index.php?rest_route=\/wp\/v2\/posts\/42762\/revisions"}],"predecessor-version":[{"id":42772,"href":"https:\/\/www.mladibl.com\/index.php?rest_route=\/wp\/v2\/posts\/42762\/revisions\/42772"}],"wp:featuredmedia":[{"embeddable":true,"href":"https:\/\/www.mladibl.com\/index.php?rest_route=\/wp\/v2\/media\/42771"}],"wp:attachment":[{"href":"https:\/\/www.mladibl.com\/index.php?rest_route=%2Fwp%2Fv2%2Fmedia&parent=42762"}],"wp:term":[{"taxonomy":"category","embeddable":true,"href":"https:\/\/www.mladibl.com\/index.php?rest_route=%2Fwp%2Fv2%2Fcategories&post=42762"},{"taxonomy":"post_tag","embeddable":true,"href":"https:\/\/www.mladibl.com\/index.php?rest_route=%2Fwp%2Fv2%2Ftags&post=42762"}],"curies":[{"name":"wp","href":"https:\/\/api.w.org\/{rel}","templated":true}]}}