{"id":42751,"date":"2024-11-06T14:34:21","date_gmt":"2024-11-06T12:34:21","guid":{"rendered":"https:\/\/www.mladibl.com\/?p=42751"},"modified":"2024-11-06T14:45:59","modified_gmt":"2024-11-06T12:45:59","slug":"otvoren-je-poziv-za-ideathon-inovacije-za-bolje-djetinjstvo","status":"publish","type":"post","link":"https:\/\/www.mladibl.com\/?p=42751","title":{"rendered":"Otvoren je poziv za Ideathon: Inovacije za bolje djetinjstvo"},"content":{"rendered":"\n<p><strong>Otvoren je poziv za Ideathon: Inovacije za bolje djetinjstvo<\/strong><\/p>\n\n\n\n<p>Industrija razvoja proizvoda i usluga za djecu i mlade jedna je od najperspektivnijih, ali i najizazovnijih industrija dana\u0161njice. Suo\u010dava se s brojnim izazovima koji otvaraju velike mogu\u0107nosti za inovacije i unapre\u0111enja, posebno u kontekstu bosanskohercegova\u010dkog dru\u0161tva. Od stvaranja zdravijih i sigurnijih okru\u017eenja za djecu, preko razvoja edukativnih platformi, do uvo\u0111enja odr\u017eivih proizvoda i rje\u0161enja, postoji ogroman potencijal za pobolj\u0161anje kvaliteta \u017eivota i kvalitetnijeg razvoja budu\u0107ih generacija.<\/p>\n\n\n\n<p>Inspirisana vizijom boljeg djetinjstva i podr\u0161ke inovativnim rje\u0161enjima za najmla\u0111e, <strong>Fondacija 787 uz podr\u0161ku Vlade \u0160vicarske<\/strong> organizuje ideathon pod nazivom \u201c<strong>Inovacije za bolje djetinjstvo<\/strong>\u201d.&nbsp;<\/p>\n\n\n\n<p>Ideathon je osmi\u0161ljen kao dvodnevni doga\u0111aj koji okuplja preduzetne, kreativne i inovativne \u017eene iz razli\u010ditih sektora kako bi zajedni\u010dkim snagama razvile inovativna poslovna rje\u0161enja za industriju razvoja proizvoda i usluga za djecu i mlade. Ideathon \u0107e se odr\u017eati od 6. do 7. decembra 2024. godine u Sarajevu.<\/p>\n\n\n\n<p>Bez obzira jeste li preduzetnica, dizajnerka, programerka, edukatorica, studentica ili entuzijastkinja za inovacije u razvoju djece, ovo je prilika da radite na razvoju proizvoda i usluga koji \u0107e unaprijediti kvalitet djetinjstva.<\/p>\n\n\n\n<p><strong>Doga\u0111aj \u0107e u\u010desnicama omogu\u0107iti<\/strong>:<\/p>\n\n\n\n<ul class=\"wp-block-list\">\n<li>Prostor za u\u010denje, razmjenu znanja, te umre\u017eavanje sa drugim u\u010desnicama koje interesuje ova tema,<\/li>\n\n\n\n<li>Facilitatorsku i savjetodavnu podr\u0161ku eksperata prilikom razvijanja rje\u0161enja koja se mogu pretvoriti u odr\u017eiv biznis ili unaprijediti poslovanje ve\u0107 postoje\u0107eg biznisa,<\/li>\n\n\n\n<li>Promociju pobjedni\u010dkog tima i rje\u0161enja\/ideje kroz razli\u010dite komunikacijske kanale, te<\/li>\n\n\n\n<li>Nagradu u vrijednosti od 3.000 KM za pobjedni\u010dki tim. Ova sredstva su namijenjena isklju\u010divo za potrebe kupovine, unapre\u0111enja i razvoja unutar industrije, s ciljem podr\u0161ke inovacijama, pove\u0107anja konkurentnosti i postizanja dugoro\u010dnog rasta.<\/li>\n<\/ul>\n\n\n\n<p><strong>Kriteriji i pravila:<\/strong><\/p>\n\n\n\n<ul class=\"wp-block-list\">\n<li>U\u010desnice moraju biti dr\u017eavljanke BiH, imati najmanje 18 godina, te mogu dolaziti iz bilo kojeg mjesta iz BiH.<\/li>\n\n\n\n<li>U\u010desnice mogu biti iz bilo koje oblasti i industrije.<\/li>\n\n\n\n<li>Rad u toku Ideathona realizuje se u timovima koje oformi Fondacija 787 na osnovu prijava. Timovi \u0107e biti sastavljeni od 3 do 5 osoba i sastav timova se ne mo\u017ee mijenjati tokom trajanja takmi\u010denja.<\/li>\n\n\n\n<li>Fondacija 787 se kao organizator ne obavezuje da \u0107e \u0161tititi ideje i tehni\u010dka rje\u0161enja koja mogu biti predmet intelektualnog vlasni\u0161tva. Sve mogu\u0107e preventivne mjere za za\u0161titu informacija ili tehni\u010dkih elemenata koje mogu biti predmet intelektualnog vlasni\u0161tva u\u010desnice trebaju poduzeti prije sudjelovanja u doga\u0111aju.<\/li>\n<\/ul>\n\n\n\n<p><strong>Rok i na\u010din prijave:<\/strong><\/p>\n\n\n\n<p><strong>Prijave za Ideathon su otvorene do 26.11.2024. godine.<\/strong> U\u010de\u0161\u0107e za sve odabrane kandidatkinje je u potpunosti besplatno. Odabrane u\u010desnice \u0107e biti obavije\u0161tene do 28. novembra, a Fondacija 787 pokriva organizacijske tro\u0161kove, kao i tro\u0161kove putovanja i smje\u0161taja. Prije samog ideathona odr\u017eat \u0107e se jedna online info sesija, dok se fizi\u010dko prisustvo u\u010desnica o\u010dekuje od 12 sati u petak, 6. decembra, do 18 sati u subotu, 7. decembra.<\/p>\n\n\n\n<p><strong>Svoje prijave mo\u017eete poslati popunjavanjem <\/strong><a href=\"https:\/\/docs.google.com\/forms\/d\/e\/1FAIpQLSd0aYmetzg8PeV1lUCpMLeaATXu7LWIPN1lqL0jVa48Uo4exA\/viewform?usp=sf_link\" target=\"_blank\" rel=\"noreferrer noopener\"><strong>prijavnog obrasca<\/strong><\/a><strong>. <\/strong>Za dodatna pitanja ili nejasno\u0107e, mo\u017eete pisati na <a href=\"mailto:info@f787.ba\"><strong>info@f787.ba<\/strong><\/a>.<\/p>\n\n\n\n<p><strong>O Fondaciji 787:<\/strong><\/p>\n\n\n\n<p>Fondacija 787 je nevladina i neprofitna organizacija sa sjedi\u0161tem u Sarajevu, koja ve\u0107 desert godina kroz razli\u010dite programe podr\u017eava razvoj preduzetni\u0161tva, startupova, te preduzetnica i mladih. Misija F787 je da doprinese razvoju inovacija i preduzetni\u010dkog ekosistema u BiH, podsti\u010du\u0107i dru\u0161tveno odgovorne inicijative koje oblikuju pozitivne promjene za djecu i budu\u0107e generacije.<\/p>\n\n\n\n<p>Preuzeto sa: <a href=\"https:\/\/f787.ba\/najave\/otvoren-je-poziv-za-ideathon-inovacije-za-bolje-djetinjstvo\/\" target=\"_blank\" rel=\"noreferrer noopener\">f787.ba<\/a><\/p>\n","protected":false},"excerpt":{"rendered":"<p>Otvoren je poziv za Ideathon: Inovacije za bolje djetinjstvo Industrija razvoja proizvoda i usluga za djecu i mlade jedna je<\/p>\n","protected":false},"author":1,"featured_media":42735,"comment_status":"closed","ping_status":"open","sticky":false,"template":"","format":"standard","meta":{"om_disable_all_campaigns":false,"_monsterinsights_skip_tracking":false,"_monsterinsights_sitenote_active":false,"_monsterinsights_sitenote_note":"","_monsterinsights_sitenote_category":0,"footnotes":""},"categories":[8692,1462],"tags":[13479,489,129],"class_list":["post-42751","post","type-post","status-publish","format-standard","has-post-thumbnail","hentry","category-izdvajamo","category-takmicenja","tag-bolje-detinjstvo","tag-ideathon","tag-inovacije"],"jetpack_featured_media_url":"https:\/\/www.mladibl.com\/wp-content\/uploads\/2024\/11\/Otvoren-je-poziv-za-Ideathon_-Inovacije-za-bolje-djetinjstvo.jpg","amp_enabled":true,"_links":{"self":[{"href":"https:\/\/www.mladibl.com\/index.php?rest_route=\/wp\/v2\/posts\/42751","targetHints":{"allow":["GET"]}}],"collection":[{"href":"https:\/\/www.mladibl.com\/index.php?rest_route=\/wp\/v2\/posts"}],"about":[{"href":"https:\/\/www.mladibl.com\/index.php?rest_route=\/wp\/v2\/types\/post"}],"author":[{"embeddable":true,"href":"https:\/\/www.mladibl.com\/index.php?rest_route=\/wp\/v2\/users\/1"}],"replies":[{"embeddable":true,"href":"https:\/\/www.mladibl.com\/index.php?rest_route=%2Fwp%2Fv2%2Fcomments&post=42751"}],"version-history":[{"count":1,"href":"https:\/\/www.mladibl.com\/index.php?rest_route=\/wp\/v2\/posts\/42751\/revisions"}],"predecessor-version":[{"id":42752,"href":"https:\/\/www.mladibl.com\/index.php?rest_route=\/wp\/v2\/posts\/42751\/revisions\/42752"}],"wp:featuredmedia":[{"embeddable":true,"href":"https:\/\/www.mladibl.com\/index.php?rest_route=\/wp\/v2\/media\/42735"}],"wp:attachment":[{"href":"https:\/\/www.mladibl.com\/index.php?rest_route=%2Fwp%2Fv2%2Fmedia&parent=42751"}],"wp:term":[{"taxonomy":"category","embeddable":true,"href":"https:\/\/www.mladibl.com\/index.php?rest_route=%2Fwp%2Fv2%2Fcategories&post=42751"},{"taxonomy":"post_tag","embeddable":true,"href":"https:\/\/www.mladibl.com\/index.php?rest_route=%2Fwp%2Fv2%2Ftags&post=42751"}],"curies":[{"name":"wp","href":"https:\/\/api.w.org\/{rel}","templated":true}]}}