{"id":4275,"date":"2020-11-20T20:24:16","date_gmt":"2020-11-20T18:24:16","guid":{"rendered":"http:\/\/www.mladibl.com\/?p=4275"},"modified":"2020-11-20T20:25:25","modified_gmt":"2020-11-20T18:25:25","slug":"unicef-ova-zahvalnica-urednici-mladi-bl-brankici-smiljanic-na-svjetski-dan-djeteta","status":"publish","type":"post","link":"https:\/\/www.mladibl.com\/?p=4275","title":{"rendered":"UNICEF-ova zahvalnica urednici Mladi BL Brankici Smiljani\u0107 na Svjetski dan djeteta"},"content":{"rendered":"\n<p>Brankica Smiljani\u0107, urednica Mladi BL, dobitnica je zahvalnice UNICEF-a za poseban doprinos za\u0161titi i promociji prava djeteta u kategoriji blog. Njen blog, Media 5+, prepoznat je i pro\u0161le godine, kad je u istoj kategoriji dobila nagradu i priznanje.<\/p>\n\n\n\n<p>Tema ove godine Smiljani\u0107evoj bilo je objavljivanje sadr\u017eaja na dru\u0161tvenim mre\u017eama. Tekst \u201e<strong><a href=\"https:\/\/brankicasm.wordpress.com\/2020\/05\/27\/ako-ne-zelite-da-vidite-na-bilbordu-ne-stavljate-ni-na-drustvene-mreze\/\" target=\"_blank\" rel=\"noreferrer noopener\" aria-label=\"Ako ne \u017eelite vidjeti na bilbordu, ne stavljajte ni na dru\u0161tvene mre\u017ee (opens in a new tab)\">Ako ne \u017eelite vidjeti na bilbordu, ne stavljajte ni na dru\u0161tvene mre\u017ee<\/a><\/strong>\u201c, objasnio je problematiku mladih i ono \u0161to oni smatraju dru\u0161tvenim mre\u017eama. <\/p>\n\n\n\n<p>UNICEF u Bosni i Hercegovini je danas obilje\u017eio 20. novembar Svjetski dan djeteta. Globalnom REIMAGINE kampanjom UNICEF \u0161irom svijeta nastoji ponovo osmisliti bolji svijet \u2013 za svako dijete. U Bosni i Hercegovini je, uz po\u0161tovanje svih mjera i ograni\u010denja zbog COVID-a-19, prvi put otkako se obilje\u017eava Svjetski dan djeteta, 20. novembar obilje\u017een online doga\u0111ajem kojem su prisustvovali gosti iz diplomatskog kora, medijski profesionalci, predstavnici udru\u017eenja, organizacija i institucija koje se bave promocijom i za\u0161titom prava djece, kao i djeca i mladi koji su se uklju\u010dili u ovogodi\u0161nje aktivnosti ponovnog osmi\u0161ljavanja boljeg svijeta #ZaSvakoDijete. <\/p>\n\n\n\n<p>2020. godina osta\u0107e upam\u0107ena po virusu COVID-19, kao i direktnim i indirektnim uticajem pandemije na zdravlje, obrazovanje i uop\u0161te \u017eivot djece. Dok se zdravstveni sistemi \u0161irom svijeta suo\u010davaju sa velikim izazovima, kriza izazvana pandemijom virusa COVID 19 odnosi \u017eivote i ugro\u017eava egzistenciju ljudi, uti\u010de na privredne, i \u0161to je jo\u0161 va\u017enije &#8211; obrazovne procese i mnoge porodice se bore da je prevazi\u0111u.<\/p>\n\n\n\n<p>&#8220;U Bosni i Hercegovini svjedoci smo te\u0161kih posljedica koje pandemija ima na djecu, njihovo obrazovanje, sigurnost te na njihovu dobrobit uklju\u010duju\u0107i i mentalno zdravlje, \u0161to \u0107e sve vjerovatno imati utjecaja na njihovu budu\u0107nost, a time i ljudski kapital u ovoj zemlji. Zajedno moramo u\u010diniti vi\u0161e kako bismo osigurali da sva djeca imaju jednak pristup kvalitetnom u\u010denju. Vlade moraju dati prioritet tome da \u0161kole ostanu otvorene i da budu sigurne za djecu, nastavnike i roditelje te istovremeno unaprje\u0111ivati mogu\u0107nosti u\u010denja online \u010dime \u0107e osigurati jednake mogu\u0107nosti za marginaliziranu djecu. Dok se roditelji \u0161irom svijeta bore za odr\u017eavanje egzistencije, vlade moraju poja\u010dati mjere socijalne za\u0161tite kroz programe i politike koje \u0107e porodicama osigurati spasonosna materijalna davanja, zdravstvenu za\u0161titu, prehranu i obrazovanje. Mi u UNICEF-u radimo sa zajednicama, vladama i partnerima kako bismo suzbili \u0161irenje virusa COVID-19 i \u0161to vi\u0161e smanjili njegov socijalni i ekonomski utjecaj na djecu i njihove porodice. Stoga pozivamo svoje partnere da nam se pridru\u017ee u ostvarivanju tog cilja. Nastavimo graditi bolje, sigurnije, zdravije i mirnije okru\u017eenje i ponovo osmislimo budu\u0107nost svakog djeteta&#8221;, izjavila je dr Rownak Khan, predstavnica UNCIEF-a u Bosni i Hercegovini.<\/p>\n\n\n\n<p>Prepoznaju\u0107i zna\u010daj medija, UNICEF u Bosni i Hercegovini tradicionalno dodjeljuje priznanja medijskim profesionalcima za doprinos promociji i za\u0161titi prava djeteta u BiH. Ove godine dodijeljena su \u010detiri priznanja i to: Ivani Eri\u0107, novinarki TV N1 u kategoriji Televizija, Nata\u0161i Lazuki\u0107, u kategoriji Blog, Azri Husari\u0107, u kategoriji Internet rad. Posebno priznanje za medijski doprinos promociji i za\u0161titi prava djeteta dodijeljeno je novinaru portala Otisak, \u017deljku Lazarevi\u0107u.<\/p>\n\n\n\n<p>Osim priznanja, ovogodi\u0161nji \u017eiri u sastavu Zoran \u0106ati\u0107, Nineta Popovi\u0107, Sandra Gojkovi\u0107 Arbutina, Katarina Marijanovi\u0107, Lamija Silajd\u017ei\u0107 i Benjamin Omerbegovi\u0107, odlu\u010dio je dodijeliti i zahvalnice za medijski doprinos promociji i za\u0161titi prava djeteta za TV priloge Amini Bijelonja i Tahiru \u017dustri, za blogove Hani Kazazovi\u0107, Brankici Smiljani\u0107, Ivoni Grgi\u0107, Ilmi Kurtovi\u0107 i Nejri D\u017eananovi\u0107, te za internet radove Snje\u017eani Ani\u010di\u0107 i Anamariji Zadro.<\/p>\n\n\n\n<p>UNICEF i Bosni i Hercegovini, prate\u0107i globalnu Reimagine kampanju, ove godine realizuje REIMAGINE TALKS &#8211; seriju live epizoda tokom kojih su u\u010desnici razgovarali i razgovarat \u0107e o temama va\u017enim #ZaSvakoDijete.<\/p>\n\n\n\n<p>Pored medijskih profesionalaca, UNICEF u Bosni i Hercegovini objavio je i pobjednike nagradnog konkursa Re-Imagine thoughts 4 Re-Imagine Talks tokom kojeg su djeca i mladi uzrasta 12 \u2013 18 godina slali svoje radove (video, pri\u010de, fotografije, crte\u017ee ili ilustracije) na neku od tema Re-Imagine Talksa. Pobjednici ovog konkursa su: Azra Tupku\u0161i\u0107 (17) iz Tuzle &#8211; tema Inkluzija, Ajla Ali\u0107 (16) iz Teo\u010daka \u2013 tema Mentalno zdravlje, Dajana Markanovi\u0107 (16) iz Br\u010dkog \u2013 tema Muzika, Hana Isakovi\u0107 (12) iz Sarajeva \u2013 tema Radio\/TV, Sara Kelava (16) iz Travnika \u2013 tema Aktivizam, Amar D\u017eafi\u0107 (15) iz Lipnice, Tuzla \u2013 tema Okoli\u0161, Adis Arnaut (16) iz Zenice, tema Obrazovanje i Iris Altumba\u0161i\u0107 (12) iz Tuzle \u2013 tema Online \u017eivot. Nagrade su im dodijelili dr Ingrid Macdonald rezidentna koordinatorica Ujedinjenih nacija u Bosni i Hercegovini, Saliha \u0110uderija, pomo\u0107nica ministrice za ljudska prava i izbjeglice BiH i Nicola Minasi, ambasador Italije u Bosni i Hercegovini, koji su se obratili u\u010desnicima.<\/p>\n\n\n\n<p>Djeca, koja su se uklju\u010dila online, Aida Vehabovi\u0107, Ema i Sarah Agi\u0107, su poru\u010dile: &#8220;Mi smo maske nosili i prije korone, pro\u0161le godine i godine prije toga. Ka\u017eu nam boravite \u0161to vi\u0161e vremena na otvorenom, ali mi ni ne mo\u017eemo iza\u0107i radi korone, a sada kako dolazi zima i zaga\u0111enja, \u0161ta god da uradimo, naru\u0161avamo svoje zdravlje mentalno ili fizi\u010dko. \u017delimo da vas zamolimo da osigurate da za djecu i mlade osobe osmislite obrazovanje da u njemu bude vi\u0161e prilika i mogu\u0107nosti da prepoznamo svoje talente, da lak\u0161e otkrijemo \u0161ta je to \u017eelimo da radimo i \u0161ta je to \u0161to \u017eelimo da budemo, bez obzira na mjesto ro\u0111enja, bez obzira da li smo ro\u0111eni u velikom ili malom gradu, ili tek nekom naselju. Molimo sve vas, koji mo\u017eete da uti\u010dete na sada\u0161njost i budu\u0107nost djece i mladih u Bosni i Hercegovini, da pomognete da ostvarimo svoja prava, da omogu\u0107ite uslove u kojima \u0107emo mo\u0107i da ostvarimo svoje snove, da nas podr\u017eite i da omogu\u0107ite da \u017eivimo slobodu i ponos.&#8221;<\/p>\n\n\n\n<p>U znak podr\u0161ke obilje\u017eavanju Svjetskog dana djeteta ve\u010deras \u0107e Grad Mostar u plavo &#8220;obojiti&#8221; Stari most. U Sarajevu \u0107e, sada ve\u0107 tradicionalno, plavom bojom biti osvijetljen Sarajevo City Centar.<\/p>\n","protected":false},"excerpt":{"rendered":"<p>Brankica Smiljani\u0107, urednica Mladi BL, dobitnica je zahvalnice UNICEF-a za poseban doprinos za\u0161titi i promociji prava djeteta u kategoriji blog.<\/p>\n","protected":false},"author":1,"featured_media":4278,"comment_status":"closed","ping_status":"open","sticky":false,"template":"","format":"standard","meta":{"om_disable_all_campaigns":false,"_monsterinsights_skip_tracking":false,"_monsterinsights_sitenote_active":false,"_monsterinsights_sitenote_note":"","_monsterinsights_sitenote_category":0,"footnotes":""},"categories":[2],"tags":[2085,47,2086,1826],"class_list":["post-4275","post","type-post","status-publish","format-standard","has-post-thumbnail","hentry","category-vijesti","tag-brankica-smiljanic","tag-nagrada","tag-svjetski-dan-djeteta","tag-unicef"],"jetpack_featured_media_url":"https:\/\/www.mladibl.com\/wp-content\/uploads\/2020\/11\/brankica-smiljanic-1.jpg","amp_enabled":true,"_links":{"self":[{"href":"https:\/\/www.mladibl.com\/index.php?rest_route=\/wp\/v2\/posts\/4275","targetHints":{"allow":["GET"]}}],"collection":[{"href":"https:\/\/www.mladibl.com\/index.php?rest_route=\/wp\/v2\/posts"}],"about":[{"href":"https:\/\/www.mladibl.com\/index.php?rest_route=\/wp\/v2\/types\/post"}],"author":[{"embeddable":true,"href":"https:\/\/www.mladibl.com\/index.php?rest_route=\/wp\/v2\/users\/1"}],"replies":[{"embeddable":true,"href":"https:\/\/www.mladibl.com\/index.php?rest_route=%2Fwp%2Fv2%2Fcomments&post=4275"}],"version-history":[{"count":1,"href":"https:\/\/www.mladibl.com\/index.php?rest_route=\/wp\/v2\/posts\/4275\/revisions"}],"predecessor-version":[{"id":4277,"href":"https:\/\/www.mladibl.com\/index.php?rest_route=\/wp\/v2\/posts\/4275\/revisions\/4277"}],"wp:featuredmedia":[{"embeddable":true,"href":"https:\/\/www.mladibl.com\/index.php?rest_route=\/wp\/v2\/media\/4278"}],"wp:attachment":[{"href":"https:\/\/www.mladibl.com\/index.php?rest_route=%2Fwp%2Fv2%2Fmedia&parent=4275"}],"wp:term":[{"taxonomy":"category","embeddable":true,"href":"https:\/\/www.mladibl.com\/index.php?rest_route=%2Fwp%2Fv2%2Fcategories&post=4275"},{"taxonomy":"post_tag","embeddable":true,"href":"https:\/\/www.mladibl.com\/index.php?rest_route=%2Fwp%2Fv2%2Ftags&post=4275"}],"curies":[{"name":"wp","href":"https:\/\/api.w.org\/{rel}","templated":true}]}}