{"id":42406,"date":"2024-10-20T21:33:27","date_gmt":"2024-10-20T19:33:27","guid":{"rendered":"https:\/\/www.mladibl.com\/?p=42406"},"modified":"2024-10-20T21:33:32","modified_gmt":"2024-10-20T19:33:32","slug":"koncert-umjetnost-i-tradicija-radovana-ivanovica-22-oktobra-u-banskom-dvoru","status":"publish","type":"post","link":"https:\/\/www.mladibl.com\/?p=42406","title":{"rendered":"Koncert \u201eUmjetnost i tradicija\u201c \u2013 Radovana Ivanovi\u0107a 22. oktobra u Banskom dvoru"},"content":{"rendered":"\n<p>Koncert pod nazivom \u201eUmjetnost i tradicija\u201c \u2013 Radovana Ivanovi\u0107a (harmonika), dobitnika Plakete Banskog dvora za najboljeg studenta Studijskog programa muzi\u010dke umjetnosti Akademije umjetnosti Univerziteta u Banjoj Luci \u2013 bi\u0107e odr\u017ean 22. oktobra u 20.00 \u010dasova u Koncertnoj dvorani Banskog dvora.<\/p>\n\n\n\n<p>Kako je saop\u0161teno iz Banskog dvora, u&nbsp;<a><\/a>prvom dijelu koncerta Radovan Ivanovi\u0107 \u0107e se predstaviti solo klasi\u010dnim programom nakon \u010dega na scenu stupa Simfonijski orkestar Narodnog pozori\u0161ta Republike Srpske pod dirigentskom palicom Du\u0161ana Vere Uro\u0161evi\u0107a. Publika \u0107e biti u prilici da u\u017eiva u zajedni\u010dkom izvo\u0111enju obrada klasi\u010dne, filmske i narodne muzike.<\/p>\n\n\n\n<p>Pred sam kraj koncerta, na sceni \u0107e se se pridru\u017eiti i Kamerni hor \u201eKerubini\u201c i dva vokalna solista Milica Stijepi\u0107 Ivi\u0107 i Aleksandar Duli\u0107. Gosti \u0107e biti i Filip Vukeli\u0107 (klavir), kao i Stanislava \u0110or\u0111evi\u0107 (frula).<\/p>\n\n\n\n<p>Ulaz na koncert je besplatan.<\/p>\n\n\n\n<p>Preuzeto sa: <a href=\"https:\/\/www.banjaluka.rs.ba\/koncert-radovana-ivanovica-u-banskom-dvoru\/\" target=\"_blank\" rel=\"noreferrer noopener\">Grad Banja Luka<\/a><\/p>\n","protected":false},"excerpt":{"rendered":"<p>Koncert pod nazivom \u201eUmjetnost i tradicija\u201c \u2013 Radovana Ivanovi\u0107a (harmonika), dobitnika Plakete Banskog dvora za najboljeg studenta Studijskog programa muzi\u010dke<\/p>\n","protected":false},"author":1,"featured_media":42400,"comment_status":"closed","ping_status":"open","sticky":false,"template":"","format":"standard","meta":{"om_disable_all_campaigns":false,"_monsterinsights_skip_tracking":false,"_monsterinsights_sitenote_active":false,"_monsterinsights_sitenote_note":"","_monsterinsights_sitenote_category":0,"footnotes":""},"categories":[2],"tags":[881,3536,8288,13426],"class_list":["post-42406","post","type-post","status-publish","format-standard","has-post-thumbnail","hentry","category-vijesti","tag-banski-dvor","tag-koncert","tag-radovan-ivanovic","tag-umjetnost-i-tradicija"],"jetpack_featured_media_url":"https:\/\/www.mladibl.com\/wp-content\/uploads\/2024\/10\/Koncert-\u201eUmjetnost-i-tradicija-\u2013-Radovana-Ivanovica-22.-oktobra-u-Banskom-dvoru.jpg","amp_enabled":true,"_links":{"self":[{"href":"https:\/\/www.mladibl.com\/index.php?rest_route=\/wp\/v2\/posts\/42406","targetHints":{"allow":["GET"]}}],"collection":[{"href":"https:\/\/www.mladibl.com\/index.php?rest_route=\/wp\/v2\/posts"}],"about":[{"href":"https:\/\/www.mladibl.com\/index.php?rest_route=\/wp\/v2\/types\/post"}],"author":[{"embeddable":true,"href":"https:\/\/www.mladibl.com\/index.php?rest_route=\/wp\/v2\/users\/1"}],"replies":[{"embeddable":true,"href":"https:\/\/www.mladibl.com\/index.php?rest_route=%2Fwp%2Fv2%2Fcomments&post=42406"}],"version-history":[{"count":1,"href":"https:\/\/www.mladibl.com\/index.php?rest_route=\/wp\/v2\/posts\/42406\/revisions"}],"predecessor-version":[{"id":42407,"href":"https:\/\/www.mladibl.com\/index.php?rest_route=\/wp\/v2\/posts\/42406\/revisions\/42407"}],"wp:featuredmedia":[{"embeddable":true,"href":"https:\/\/www.mladibl.com\/index.php?rest_route=\/wp\/v2\/media\/42400"}],"wp:attachment":[{"href":"https:\/\/www.mladibl.com\/index.php?rest_route=%2Fwp%2Fv2%2Fmedia&parent=42406"}],"wp:term":[{"taxonomy":"category","embeddable":true,"href":"https:\/\/www.mladibl.com\/index.php?rest_route=%2Fwp%2Fv2%2Fcategories&post=42406"},{"taxonomy":"post_tag","embeddable":true,"href":"https:\/\/www.mladibl.com\/index.php?rest_route=%2Fwp%2Fv2%2Ftags&post=42406"}],"curies":[{"name":"wp","href":"https:\/\/api.w.org\/{rel}","templated":true}]}}