{"id":42019,"date":"2024-09-27T00:06:11","date_gmt":"2024-09-26T22:06:11","guid":{"rendered":"https:\/\/www.mladibl.com\/?p=42019"},"modified":"2024-09-27T00:06:18","modified_gmt":"2024-09-26T22:06:18","slug":"u-cast-vracanja-dvoglavog-orla-na-zgradu-banskog-dvora-predstava-nemanjici-podela-carstva-pridruzite-se","status":"publish","type":"post","link":"https:\/\/www.mladibl.com\/?p=42019","title":{"rendered":"U \u010dast vra\u0107anja dvoglavog orla na zgradu Banskog dvora: Predstava \u201eNemanji\u0107i \u2013 podela carstva\u201c, pridru\u017eite se"},"content":{"rendered":"\n<p>Predstava \u201eNemanji\u0107i \u2013 podela carstva\u201c u \u010dast vra\u0107anja dvoglavog orla na zgradu Banskog dvora bi\u0107e odr\u017eana u nedjelju,&nbsp;29. septembra.<\/p>\n\n\n\n<p>Sugra\u0111ani su pozvani da se taj dan pridru\u017ee od 20.00 \u010dasova u Koncertnoj sali Banskog dvora, gdje \u0107e biti i odigrana ova predstava. Uloge u predstavi \u201eNemanji\u0107i\u201c tuma\u010de: Zlata Numanagi\u0107, Janko Ceki\u0107, Nikola Iva\u010dkov, An\u0111ela Kikovi\u0107 i Lazar Dubovac.<\/p>\n\n\n\n<p>Ulaz je slobodan.<\/p>\n\n\n\n<figure class=\"wp-block-image size-full\"><img loading=\"lazy\" decoding=\"async\" width=\"760\" height=\"859\" src=\"http:\/\/www.mladibl.com\/wp-content\/uploads\/2024\/09\/U-cast-vracanja-dvoglavog-orla-na-zgradu-Banskog-dvora_-Predstava-\u201eNemanjici-\u2013-podela-carstva-pridruzite-se.jpg\" alt=\"U \u010dast vra\u0107anja dvoglavog orla na zgradu Banskog dvora: Predstava \u201eNemanji\u0107i \u2013 podela carstva\u201c, pridru\u017eite se\" class=\"wp-image-42016\" srcset=\"https:\/\/www.mladibl.com\/wp-content\/uploads\/2024\/09\/U-cast-vracanja-dvoglavog-orla-na-zgradu-Banskog-dvora_-Predstava-\u201eNemanjici-\u2013-podela-carstva-pridruzite-se.jpg 760w, https:\/\/www.mladibl.com\/wp-content\/uploads\/2024\/09\/U-cast-vracanja-dvoglavog-orla-na-zgradu-Banskog-dvora_-Predstava-\u201eNemanjici-\u2013-podela-carstva-pridruzite-se-265x300.jpg 265w\" sizes=\"auto, (max-width: 760px) 100vw, 760px\" \/><\/figure>\n\n\n\n<p>Preuzeto sa: <a href=\"https:\/\/www.banjaluka.rs.ba\/predstava-nemanjici-podela-carstva-u-nedjelju\/\" target=\"_blank\" rel=\"noreferrer noopener\">Grad Banja Luka<\/a><\/p>\n","protected":false},"excerpt":{"rendered":"<p>Predstava \u201eNemanji\u0107i \u2013 podela carstva\u201c u \u010dast vra\u0107anja dvoglavog orla na zgradu Banskog dvora bi\u0107e odr\u017eana u nedjelju,&nbsp;29. septembra. Sugra\u0111ani<\/p>\n","protected":false},"author":1,"featured_media":42016,"comment_status":"closed","ping_status":"open","sticky":false,"template":"","format":"standard","meta":{"om_disable_all_campaigns":false,"_monsterinsights_skip_tracking":false,"_monsterinsights_sitenote_active":false,"_monsterinsights_sitenote_note":"","_monsterinsights_sitenote_category":0,"footnotes":""},"categories":[2],"tags":[881,13372,13373,1148],"class_list":["post-42019","post","type-post","status-publish","format-standard","has-post-thumbnail","hentry","category-vijesti","tag-banski-dvor","tag-dvoglavi-orao","tag-nemanjici","tag-predstava"],"jetpack_featured_media_url":"https:\/\/www.mladibl.com\/wp-content\/uploads\/2024\/09\/U-cast-vracanja-dvoglavog-orla-na-zgradu-Banskog-dvora_-Predstava-\u201eNemanjici-\u2013-podela-carstva-pridruzite-se.jpg","amp_enabled":true,"_links":{"self":[{"href":"https:\/\/www.mladibl.com\/index.php?rest_route=\/wp\/v2\/posts\/42019","targetHints":{"allow":["GET"]}}],"collection":[{"href":"https:\/\/www.mladibl.com\/index.php?rest_route=\/wp\/v2\/posts"}],"about":[{"href":"https:\/\/www.mladibl.com\/index.php?rest_route=\/wp\/v2\/types\/post"}],"author":[{"embeddable":true,"href":"https:\/\/www.mladibl.com\/index.php?rest_route=\/wp\/v2\/users\/1"}],"replies":[{"embeddable":true,"href":"https:\/\/www.mladibl.com\/index.php?rest_route=%2Fwp%2Fv2%2Fcomments&post=42019"}],"version-history":[{"count":1,"href":"https:\/\/www.mladibl.com\/index.php?rest_route=\/wp\/v2\/posts\/42019\/revisions"}],"predecessor-version":[{"id":42020,"href":"https:\/\/www.mladibl.com\/index.php?rest_route=\/wp\/v2\/posts\/42019\/revisions\/42020"}],"wp:featuredmedia":[{"embeddable":true,"href":"https:\/\/www.mladibl.com\/index.php?rest_route=\/wp\/v2\/media\/42016"}],"wp:attachment":[{"href":"https:\/\/www.mladibl.com\/index.php?rest_route=%2Fwp%2Fv2%2Fmedia&parent=42019"}],"wp:term":[{"taxonomy":"category","embeddable":true,"href":"https:\/\/www.mladibl.com\/index.php?rest_route=%2Fwp%2Fv2%2Fcategories&post=42019"},{"taxonomy":"post_tag","embeddable":true,"href":"https:\/\/www.mladibl.com\/index.php?rest_route=%2Fwp%2Fv2%2Ftags&post=42019"}],"curies":[{"name":"wp","href":"https:\/\/api.w.org\/{rel}","templated":true}]}}