{"id":41852,"date":"2024-09-20T01:10:46","date_gmt":"2024-09-19T23:10:46","guid":{"rendered":"https:\/\/www.mladibl.com\/?p=41852"},"modified":"2024-09-20T01:10:52","modified_gmt":"2024-09-19T23:10:52","slug":"u-kamenoj-kuci-izlozba-prostori-savrsene-plastike","status":"publish","type":"post","link":"https:\/\/www.mladibl.com\/?p=41852","title":{"rendered":"U Kamenoj ku\u0107i izlo\u017eba \u201eProstori savr\u0161ene plastike\u201c\u00a0"},"content":{"rendered":"\n<p>U Kamenoj ku\u0107i tvr\u0111ave Kastel 20. septembra 2024. godine u 19.00 \u010dasova bi\u0107e otvorena izlo\u017eba \u201eProstori savr\u0161ene plastike\u201c&nbsp;autora Mateje Gali\u0107 i \u017deljka Korena iz Mostara.<\/p>\n\n\n\n<p>-U prostoru galerije slavi se umjetnost: \u010din, produkt i produkcija kao kontraakcija potrebi kapitalizma za savr\u0161enim produktom. U\u010dimo o skulpturi, slikarstvu, pokretu i filozofiji postojanja. Ukazujemo na potrebu ekspanzije u umjetni\u010dkom stvarala\u0161tvu u odnosu na potrebu konzumerizma za uskla\u0111ivanjem umjetnosti u osobne prostore \u2013 navela je Ana Clerc, istori\u010darka umjetnosti.<\/p>\n\n\n\n<p>Preuzeto sa: <a href=\"https:\/\/www.banjaluka.rs.ba\/u-kamenoj-kuci-izlozba-prostori-savrsene-plastike\/\" target=\"_blank\" rel=\"noreferrer noopener\">Grad Banja Luka<\/a><\/p>\n","protected":false},"excerpt":{"rendered":"<p>U Kamenoj ku\u0107i tvr\u0111ave Kastel 20. septembra 2024. godine u 19.00 \u010dasova bi\u0107e otvorena izlo\u017eba \u201eProstori savr\u0161ene plastike\u201c&nbsp;autora Mateje Gali\u0107<\/p>\n","protected":false},"author":1,"featured_media":41849,"comment_status":"closed","ping_status":"open","sticky":false,"template":"","format":"standard","meta":{"om_disable_all_campaigns":false,"_monsterinsights_skip_tracking":false,"_monsterinsights_sitenote_active":false,"_monsterinsights_sitenote_note":"","_monsterinsights_sitenote_category":0,"footnotes":""},"categories":[2],"tags":[699,6540,13348],"class_list":["post-41852","post","type-post","status-publish","format-standard","has-post-thumbnail","hentry","category-vijesti","tag-izlozba","tag-kamena-kuca","tag-prostori-savrsene-plastike"],"jetpack_featured_media_url":"https:\/\/www.mladibl.com\/wp-content\/uploads\/2024\/09\/U-Kamenoj-kuci-izlozba-\u201eProstori-savrsene-plastike.jpg","amp_enabled":true,"_links":{"self":[{"href":"https:\/\/www.mladibl.com\/index.php?rest_route=\/wp\/v2\/posts\/41852","targetHints":{"allow":["GET"]}}],"collection":[{"href":"https:\/\/www.mladibl.com\/index.php?rest_route=\/wp\/v2\/posts"}],"about":[{"href":"https:\/\/www.mladibl.com\/index.php?rest_route=\/wp\/v2\/types\/post"}],"author":[{"embeddable":true,"href":"https:\/\/www.mladibl.com\/index.php?rest_route=\/wp\/v2\/users\/1"}],"replies":[{"embeddable":true,"href":"https:\/\/www.mladibl.com\/index.php?rest_route=%2Fwp%2Fv2%2Fcomments&post=41852"}],"version-history":[{"count":1,"href":"https:\/\/www.mladibl.com\/index.php?rest_route=\/wp\/v2\/posts\/41852\/revisions"}],"predecessor-version":[{"id":41853,"href":"https:\/\/www.mladibl.com\/index.php?rest_route=\/wp\/v2\/posts\/41852\/revisions\/41853"}],"wp:featuredmedia":[{"embeddable":true,"href":"https:\/\/www.mladibl.com\/index.php?rest_route=\/wp\/v2\/media\/41849"}],"wp:attachment":[{"href":"https:\/\/www.mladibl.com\/index.php?rest_route=%2Fwp%2Fv2%2Fmedia&parent=41852"}],"wp:term":[{"taxonomy":"category","embeddable":true,"href":"https:\/\/www.mladibl.com\/index.php?rest_route=%2Fwp%2Fv2%2Fcategories&post=41852"},{"taxonomy":"post_tag","embeddable":true,"href":"https:\/\/www.mladibl.com\/index.php?rest_route=%2Fwp%2Fv2%2Ftags&post=41852"}],"curies":[{"name":"wp","href":"https:\/\/api.w.org\/{rel}","templated":true}]}}