{"id":41840,"date":"2024-09-20T01:08:47","date_gmt":"2024-09-19T23:08:47","guid":{"rendered":"https:\/\/www.mladibl.com\/?p=41840"},"modified":"2024-09-20T01:08:52","modified_gmt":"2024-09-19T23:08:52","slug":"predstavljen-novi-projekat-gradske-razvojne-agencije-moderan-centar-za-rad-inovacije-i-saradnju-preduzetnika","status":"publish","type":"post","link":"https:\/\/www.mladibl.com\/?p=41840","title":{"rendered":"Predstavljen novi projekat Gradske razvojne agencije: Moderan centar za rad, inovacije i saradnju preduzetnika"},"content":{"rendered":"\n<p>Gradska razvojna agencija Banja Luka najavila je po\u010detak stvaranja novog coworking prostora u centru na\u0161eg grada. Prostor od 170 kvadratnih metara u Jevrejskoj ulici dat je na zakup Gradskoj razvojnoj agenciji od strane Grada Banja Luka, te \u0107e biti transformisan u moderan coworking centar koji \u0107e postati sjedi\u0161te inovacija, poslovnih ideja i podr\u0161ke mladim preduzetnicima. Razlog za stvaranje ovakvog prostora nastao je iz potrebe za pru\u017eanjem adekvatnog radnog okru\u017eenja, kao i uvjerenja da ovaj prostor mo\u017ee biti odsko\u010dna daska za sve privrednike i preduzetnike.<\/p>\n\n\n\n<p>-Ovaj projekat predstavlja klju\u010dnu inicijativu za podsticanje preduzetni\u0161tva i ja\u010danje poslovne zajednice na\u0161eg grada. Ovaj coworking prostor ne\u0107e biti samo mjesto za rad, on \u0107e postati centar okupljanja najinovativnijih mladih ljudi Banje Luke koji \u017eele da razvijaju svoje ideje. Pozivam lokalne kompanije da se aktivno uklju\u010de u ovu inicijativu i poka\u017eu svoju dru\u0161tvenu odgovornost \u2013 poru\u010dio je direktor Gradske razvojne agencije, Neven Stani\u0107.<\/p>\n\n\n\n<p>Sam po\u010detak osmi\u0161ljavanja vizuelnog identiteta novog coworking prostora prepu\u0161ten je mladim stru\u010dnjacima iz oblasti arhitekture. Namjera organizatora je bila da se u ranim fazama razvoja projekta udru\u017ee svi akteri kako bi doprinijeli njegovoj realizaciji. Posebna zahvalnost upu\u0107ena je profesoru Miroslavu Malinovi\u0107u, priznatom profesoru Arhitektonsko-gra\u0111evinskog geodetskog fakulteta univerziteta u Banjoj Luci, \u010dija je stru\u010dnost i posve\u0107enost razvoju mladih talenata od klju\u010dnog zna\u010daja za uspjeh projekta.<\/p>\n\n\n\n<p>Prof. Malinovi\u0107 je naglasio da je idejno re\u0161enje rezultat rada studentkinje na njegovom odsjeku, uz njegovo mentorstvo. Dodao je da klju\u010dne karakteristike i inovacije u dizajnu oboga\u0107uju prostor, a vizualizacija i planovi pokazuju potencijal transformacije ovog prostora u moderan coworking centar.<\/p>\n\n\n\n<p>Ovaj coworking prostor je motor ekonomskog razvoja koji \u0107e dugoro\u010dno doprinijeti boljoj poslovnoj klimi i stvaranju novih poslovnih mogu\u0107nosti.<\/p>\n\n\n\n<p>-Danas isti\u010demo zna\u010daj saradnje na projektima kao \u0161to je novi coworking prostor. Trudi\u0107emo se da obezbijedimo da svi aspekti na\u0161e saradnje funkcioni\u0161u besprijekorno, povezuju\u0107i razli\u010dite u\u010desnike i usmjeravaju\u0107i ih ka zajedni\u010dkom cilju \u2013 izjavila je Ana Loji\u0107, koordinator ovog projekta.<\/p>\n\n\n\n<p>Iz Agencije isti\u010du da osim radnog prostora, coworking centar \u0107e biti mjesto gdje \u0107e eksperti iz Gradske razvojne agencije Banja Luka pru\u017eati savjete i podr\u0161ku mladima i preduzetnicima.<\/p>\n\n\n\n<p>-Vizija Gradske razvojne agencije Banja Luka je da kroz ovaj projekat prenosimo znanje i iskustvo, poma\u017eu\u0107i novim generacijama da rastu i razvijaju se u svijetu poslovanja. Javnost \u0107e biti blagovremeno obavije\u0161tena o svim fazama renoviranja postoje\u0107eg objekta i vremenu otvaranja, kako bi preduzetnici mogli zapo\u010deti svoje poslovanje u novom, savremenom prostoru \u2013 zaklju\u010dili su iz Agencije.<\/p>\n\n\n\n<p>Preuzeto sa: <a href=\"https:\/\/www.banjaluka.rs.ba\/gradska-razvojna-agencija-predstavila-novi-kovorking-prostor\/\" target=\"_blank\" rel=\"noreferrer noopener\">Grad Banja Luka<\/a><\/p>\n","protected":false},"excerpt":{"rendered":"<p>Gradska razvojna agencija Banja Luka najavila je po\u010detak stvaranja novog coworking prostora u centru na\u0161eg grada. Prostor od 170 kvadratnih<\/p>\n","protected":false},"author":1,"featured_media":41850,"comment_status":"closed","ping_status":"open","sticky":false,"template":"","format":"standard","meta":{"om_disable_all_campaigns":false,"_monsterinsights_skip_tracking":false,"_monsterinsights_sitenote_active":false,"_monsterinsights_sitenote_note":"","_monsterinsights_sitenote_category":0,"footnotes":""},"categories":[2],"tags":[13347,129,288,1488],"class_list":["post-41840","post","type-post","status-publish","format-standard","has-post-thumbnail","hentry","category-vijesti","tag-centar-za-rad","tag-inovacije","tag-preduzetnici","tag-saradnja"],"jetpack_featured_media_url":"https:\/\/www.mladibl.com\/wp-content\/uploads\/2024\/09\/Predstavljen-novi-projekat-Gradske-razvojne-agencije_-Moderan-centar-za-rad-inovacije-i-saradnju-preduzetnika.jpg","amp_enabled":true,"_links":{"self":[{"href":"https:\/\/www.mladibl.com\/index.php?rest_route=\/wp\/v2\/posts\/41840","targetHints":{"allow":["GET"]}}],"collection":[{"href":"https:\/\/www.mladibl.com\/index.php?rest_route=\/wp\/v2\/posts"}],"about":[{"href":"https:\/\/www.mladibl.com\/index.php?rest_route=\/wp\/v2\/types\/post"}],"author":[{"embeddable":true,"href":"https:\/\/www.mladibl.com\/index.php?rest_route=\/wp\/v2\/users\/1"}],"replies":[{"embeddable":true,"href":"https:\/\/www.mladibl.com\/index.php?rest_route=%2Fwp%2Fv2%2Fcomments&post=41840"}],"version-history":[{"count":1,"href":"https:\/\/www.mladibl.com\/index.php?rest_route=\/wp\/v2\/posts\/41840\/revisions"}],"predecessor-version":[{"id":41851,"href":"https:\/\/www.mladibl.com\/index.php?rest_route=\/wp\/v2\/posts\/41840\/revisions\/41851"}],"wp:featuredmedia":[{"embeddable":true,"href":"https:\/\/www.mladibl.com\/index.php?rest_route=\/wp\/v2\/media\/41850"}],"wp:attachment":[{"href":"https:\/\/www.mladibl.com\/index.php?rest_route=%2Fwp%2Fv2%2Fmedia&parent=41840"}],"wp:term":[{"taxonomy":"category","embeddable":true,"href":"https:\/\/www.mladibl.com\/index.php?rest_route=%2Fwp%2Fv2%2Fcategories&post=41840"},{"taxonomy":"post_tag","embeddable":true,"href":"https:\/\/www.mladibl.com\/index.php?rest_route=%2Fwp%2Fv2%2Ftags&post=41840"}],"curies":[{"name":"wp","href":"https:\/\/api.w.org\/{rel}","templated":true}]}}