{"id":41714,"date":"2024-09-15T23:11:41","date_gmt":"2024-09-15T21:11:41","guid":{"rendered":"https:\/\/www.mladibl.com\/?p=41714"},"modified":"2024-09-15T23:11:46","modified_gmt":"2024-09-15T21:11:46","slug":"otvorena-za-sve-kuca-milanovica-vec-od-ponedjeljka-donosi-bogat-program","status":"publish","type":"post","link":"https:\/\/www.mladibl.com\/?p=41714","title":{"rendered":"Otvorena za sve: Ku\u0107a Milanovi\u0107a ve\u0107 od ponedjeljka donosi bogat program"},"content":{"rendered":"\n<p>U novom kulturnom centru \u2013 Ku\u0107i Milanovi\u0107a ve\u0107 od ponedjeljka, 16. septembra sve zainteresovane o\u010dekuje bogat program.<\/p>\n\n\n\n<p>Tako \u0107e posjetioci mo\u0107i da pogledaju izlo\u017ebu radova mladih autora Akademije umjetnosti Univerziteta u Banjoj Luci, smjer za grafiku, generacija 2024.<\/p>\n\n\n\n<p>Istog dana, u ve\u010dernjim \u010dasovima, od 19.00 \u010dasova bi\u0107e odr\u017ean koncert u\u010denika UG \u201eBanjalu\u010dki klavirski atelje\u201c.<\/p>\n\n\n\n<p>Utorak i srijeda, 17. i 18. septembar rezervisani su za radionicu zmijanjskog veza i izlo\u017ebu pe\u0161kira duga\u010dkog 31 metar sa motivima zmijanjskog veza, a u organizaciji Humanitarnog udru\u017eenja \u017eena \u201eDuga\u201c.<\/p>\n\n\n\n<p>U \u010detvrtak, 19. septembra sve zainteresovane o\u010dekuje Ve\u010de poezije, u petak koncert ansambla \u201eFlutete\u201c i u subotu \u0160kola crtanja \u201eDraga\u0161\u201c.<\/p>\n\n\n\n<p>Kompletan program pogledajte u nastavku.<\/p>\n\n\n\n<figure class=\"wp-block-image\"><img decoding=\"async\" src=\"https:\/\/www.banjaluka.rs.ba\/wp-content\/uploads\/2024\/09\/kuca-milanovica.jpg\" alt=\"\"\/><\/figure>\n\n\n\n<p>Preuzeto sa: <a href=\"https:\/\/www.banjaluka.rs.ba\/kuca-milanovica-vec-od-ponedjeljka-donosi-bogat-program\/\" target=\"_blank\" rel=\"noreferrer noopener\">Grad Banja Luka<\/a><\/p>\n","protected":false},"excerpt":{"rendered":"<p>U novom kulturnom centru \u2013 Ku\u0107i Milanovi\u0107a ve\u0107 od ponedjeljka, 16. septembra sve zainteresovane o\u010dekuje bogat program. Tako \u0107e posjetioci<\/p>\n","protected":false},"author":1,"featured_media":41724,"comment_status":"closed","ping_status":"open","sticky":false,"template":"","format":"standard","meta":{"om_disable_all_campaigns":false,"_monsterinsights_skip_tracking":false,"_monsterinsights_sitenote_active":false,"_monsterinsights_sitenote_note":"","_monsterinsights_sitenote_category":0,"footnotes":""},"categories":[2],"tags":[10065,1102],"class_list":["post-41714","post","type-post","status-publish","format-standard","has-post-thumbnail","hentry","category-vijesti","tag-kuca-milanovica","tag-program"],"jetpack_featured_media_url":"https:\/\/www.mladibl.com\/wp-content\/uploads\/2024\/09\/Otvorena-za-sve_-Kuca-Milanovica-vec-od-ponedjeljka-donosi-bogat-program.jpg","amp_enabled":true,"_links":{"self":[{"href":"https:\/\/www.mladibl.com\/index.php?rest_route=\/wp\/v2\/posts\/41714","targetHints":{"allow":["GET"]}}],"collection":[{"href":"https:\/\/www.mladibl.com\/index.php?rest_route=\/wp\/v2\/posts"}],"about":[{"href":"https:\/\/www.mladibl.com\/index.php?rest_route=\/wp\/v2\/types\/post"}],"author":[{"embeddable":true,"href":"https:\/\/www.mladibl.com\/index.php?rest_route=\/wp\/v2\/users\/1"}],"replies":[{"embeddable":true,"href":"https:\/\/www.mladibl.com\/index.php?rest_route=%2Fwp%2Fv2%2Fcomments&post=41714"}],"version-history":[{"count":1,"href":"https:\/\/www.mladibl.com\/index.php?rest_route=\/wp\/v2\/posts\/41714\/revisions"}],"predecessor-version":[{"id":41725,"href":"https:\/\/www.mladibl.com\/index.php?rest_route=\/wp\/v2\/posts\/41714\/revisions\/41725"}],"wp:featuredmedia":[{"embeddable":true,"href":"https:\/\/www.mladibl.com\/index.php?rest_route=\/wp\/v2\/media\/41724"}],"wp:attachment":[{"href":"https:\/\/www.mladibl.com\/index.php?rest_route=%2Fwp%2Fv2%2Fmedia&parent=41714"}],"wp:term":[{"taxonomy":"category","embeddable":true,"href":"https:\/\/www.mladibl.com\/index.php?rest_route=%2Fwp%2Fv2%2Fcategories&post=41714"},{"taxonomy":"post_tag","embeddable":true,"href":"https:\/\/www.mladibl.com\/index.php?rest_route=%2Fwp%2Fv2%2Ftags&post=41714"}],"curies":[{"name":"wp","href":"https:\/\/api.w.org\/{rel}","templated":true}]}}