{"id":41606,"date":"2024-09-10T08:49:45","date_gmt":"2024-09-10T06:49:45","guid":{"rendered":"https:\/\/www.mladibl.com\/?p=41606"},"modified":"2024-09-10T08:49:50","modified_gmt":"2024-09-10T06:49:50","slug":"greentech-innovators-takmicenje-za-srednjoskolce","status":"publish","type":"post","link":"https:\/\/www.mladibl.com\/?p=41606","title":{"rendered":"\u201cGreenTech Innovators\u201d \u2013 takmi\u010denje za srednjo\u0161kolce"},"content":{"rendered":"\n<p>Evropska no\u0107 istra\u017eiva\u010da Bosne i Hercegovine i Europe House vas pozivaju da u\u010destvujete u takmi\u010denju srednjo\u0161kolskih timova za najbolji nau\u010dno-istra\u017eiva\u010dki rad iz Bosne i Hercegovine.&nbsp;<\/p>\n\n\n\n<p>Hej, srednjo\u0161kolci!<\/p>\n\n\n\n<p><strong>Da li ste spremni dati svoj doprinos u o\u010duvanju okoli\u0161a\/\u017eivotne sredine?<\/strong>&nbsp;<\/p>\n\n\n\n<p><strong>Uni\u0161tavanje\/degradacija okoli\u0161a\/\u017eivotne sredine se de\u0161ava svake minute! \u2013 Klimatske promjene su tu!<\/strong> Vrijeme je da poka\u017eemo da <strong>generacija na\u0161ih srednjo\u0161kolaca\/ki <\/strong><strong>ima<\/strong><strong> ideje koje mogu preokrenuti situaciju!<\/strong><\/p>\n\n\n\n<p>Evropski zeleni dogovor je plan koji \u0107e pretvoriti EU u modernu, eco-friendly ekonomiju. Ali hej, to nije samo plan odraslih \u2013 i va\u0161e ideje su va\u017ene! Zato vas pozivamo da nam se pridru\u017eite u <strong>\u201cGreenTech Innovators\u201d<\/strong>, takmi\u010denju gdje kreativnost i inovacije BiH srednjo\u0161kolaca mogu napraviti ogromnu razliku!&nbsp;<\/p>\n\n\n\n<p>Formirajte tro\u010dlane timove i predstavite inovaciju svoje \u0161kole, razreda, sekcija!<br>Takmi\u010denje srednjih \u0161kola je sjajna prilika da u\u010denici\/ce poka\u017eu talenat, znanje i ostvare svoje ideje. Takmi\u010denje je svakako odli\u010dna prilika za&nbsp; po\u010detka karijere nau\u010dnika\/ce i istra\u017eiva\u010da\/\u010dice!<\/p>\n\n\n\n<h2 class=\"wp-block-heading\">\u0160ta je zadatak?<\/h2>\n\n\n\n<p>Va\u0161 izazov je da osmislite rje\u0161enja koja \u0107e pomo\u0107i u borbi protiv klimatskih promjena i o\u010duvanju prirodnih resursa i stani\u0161ta. Zamislite kako bismo mogli koristiti manje energije, smanjiti otpad, za\u0161tititi prirodu ili stvoriti ne\u0161to potpuno novo \u0161to \u0107e pomo\u0107i na\u0161em planetu da di\u0161e lak\u0161e. Nebo je granica, a va\u0161a ma\u0161ta je klju\u010d!<\/p>\n\n\n\n<h2 class=\"wp-block-heading\">Ko mo\u017ee u\u010destvovati?<\/h2>\n\n\n\n<p>Ako si srednjo\u0161kolac\/ka i ima\u0161 ekipu koja je spremna za akciju, ovo je va\u0161a \u0161ansa! Okupite svoje prijatelje, smislite genijalnu ideju i prijavite se.<\/p>\n\n\n\n<p><strong>ROK ZA PRIJAVE JE 18.9.2024. GODINE.<\/strong><\/p>\n\n\n\n<p><strong>NAJBOLJE TIMOVE NAGRA\u0110UJEMO!<\/strong><\/p>\n\n\n\n<p><strong>PRAVILA TAKMI\u010cENJA<\/strong><\/p>\n\n\n\n<ul class=\"wp-block-list\">\n<li>Na takmi\u010denje se mogu prijaviti u\u010denici\/ce srednjih \u0161kola iz 11 gradova Bosne i Hercegovine u kojima se odr\u017eava Evropska no\u0107 istra\u017eiva\u010da.<\/li>\n\n\n\n<li>Zainteresovani u\u010denici\/ce \u0107e oformiti tim te odabrati temu sa kojom \u017eele da se predstave na takmi\u010denju.<\/li>\n\n\n\n<li>Jedan tim \u010dine tri u\u010denika\/ce i jedan profesor\/ica-mentor\/ica.<\/li>\n\n\n\n<li>Mentor\/ica ne u\u010destvuje u prezentaciji projekta.<\/li>\n\n\n\n<li>Jedna \u0161kola mo\u017ee da prijavi maksimalno tri tima, s tim da projekti ne mogu da obra\u0111uju istu temu, niti da imaju istog mentora i\/ili ostale \u010dlanove tima.<\/li>\n\n\n\n<li><strong>S obzirom na prostorno i logisti\u010dko ograni\u010denje, te podsticanje pravog takmi\u010darskog duha i dostizanje vi\u0161eg nivo kvaliteta projekata, organizatori zadr\u017eavaju pravo da na osnovu procesa evaluacije odaberu samo one timove koji dostave jasan opis projekta, te predstavljanja izvedbe i o\u010dekivanog rezultata.\u00a0<\/strong><\/li>\n\n\n\n<li>U\u010de\u0161\u0107e profesora i u\u010denika treba da bude na dobrovoljnoj bazi, isklju\u010divo u vremenu u kojem nisu anga\u017eovani na izvr\u0161avanju svojih redovnih \u0161kolskih obaveza.<\/li>\n\n\n\n<li>Nau\u010dni projekat \u2013 na zanimljiv, inovativan, interaktivan i prakti\u010dan na\u010din poka\u017eite svoje znanje te ponudite svojim sugra\u0111anima va\u0161u nau\u010dnu pri\u010du koja \u0107e ih zainteresovati i odu\u0161eviti.<\/li>\n\n\n\n<li>SAVJET: poku\u0161ajte objasniti eksperiment na jednostavan na\u010din. Nisu svi budu\u0107i istra\u017eiva\u010di kao vi!<\/li>\n\n\n\n<li>Svakom timu pokrivaju se tro\u0161kovi pripremnog materijala u visini do 50,00KM.<\/li>\n<\/ul>\n\n\n\n<h2 class=\"wp-block-heading\">Prijavi se<\/h2>\n\n\n\n<p>Grad \/ mjesto *Naziv \u0161kole *Razred *Naziv tima *Naziv projekta *Opis projekta *Tim lider (ime i prezime) *Datum ro\u0111enja *Broj telefona *Email *Drugi \u010dlan (ime i prezime) *Tre\u0107i \u010dlan (ime i prezime) *Profesor \/ mentor (ime i prezime) *Nastavni predmet *Broj telefona *Email *<\/p>\n\n\n\n<figure class=\"wp-block-embed is-type-wp-embed is-provider-no-istra-iva-a wp-block-embed-no-istra-iva-a\"><div class=\"wp-block-embed__wrapper\">\n<blockquote class=\"wp-embedded-content\" data-secret=\"jNxVz6rn9q\"><a href=\"https:\/\/nocistrazivaca.ba\/prijavi-se\/greentech-innovators\/\">GreenTech Innovators<\/a><\/blockquote><iframe loading=\"lazy\" class=\"wp-embedded-content\" sandbox=\"allow-scripts\" security=\"restricted\" style=\"position: absolute; visibility: hidden;\" title=\"&#8220;GreenTech Innovators&#8221; &#8212; No\u0107 istra\u017eiva\u010da\" src=\"https:\/\/nocistrazivaca.ba\/prijavi-se\/greentech-innovators\/embed\/#?secret=qWfXKc9O3l#?secret=jNxVz6rn9q\" data-secret=\"jNxVz6rn9q\" width=\"600\" height=\"338\" frameborder=\"0\" marginwidth=\"0\" marginheight=\"0\" scrolling=\"no\"><\/iframe>\n<\/div><\/figure>\n\n\n\n<p><strong>PRIJAVA PROJEKTA MORA SADR\u017dATI SLJEDE\u0106E ELEMENTE OPISA:<\/strong><\/p>\n\n\n\n<p>\u00d8&nbsp; Kra\u0107i opis sadr\u017eaja \u2010 nau\u010dno obja\u0161njenje projekta u pisanoj formi;<\/p>\n\n\n\n<p>\u00d8&nbsp; Na\u010din prakti\u010dne izvedbe projekta, cilj projekta, na\u010din predstavljanja, te koji rezultat \u017eelite posti\u0107i;<\/p>\n\n\n\n<p>\u00d8&nbsp; Dodatni opis (izgled izlo\u017ebenog \u0161tanda, na\u010din predstavljanja projekta i drugo).<\/p>\n\n\n\n<p>\u00d8&nbsp; Odabrani &nbsp;projekti \u0107e biti predstavljeni i ocijenjeni na dan odr\u017eavanja manifestacije, u petak, 27. septembra 2024. godine.<\/p>\n\n\n\n<p><strong>BODOVANJE<\/strong><\/p>\n\n\n\n<p><strong>FINALE \u2013 PRAVILA:<\/strong><\/p>\n\n\n\n<p>\u00d8&nbsp; <strong>PREDSTAVLJANJE TIMOVA: prikazivanje\/prezentacija eksperimenta\/projekta, samo jedna osoba odgovara na pitanja \u017eirija<\/strong><\/p>\n\n\n\n<p>\u00d8&nbsp; <strong>\u017dIRI: stru\u010dni \u017eiri \u0107e ocjenjivati inovativnost ideje, kao i nau\u010dni i prakti\u010dni dio projekta te prezentaciju sa sljede\u0107im bodovnim pragom:<\/strong><\/p>\n\n\n\n<p><strong>50% bodova \u2013 inovativnost ideje:<\/strong><\/p>\n\n\n\n<p>\u00d8&nbsp; <strong>Da li je eksperiment\/projekt inovativan?<\/strong><\/p>\n\n\n\n<p>\u00d8&nbsp; <strong>Da li predstavlja novu ideju ili otkri\u0107e?<\/strong><\/p>\n\n\n\n<p>\u00d8&nbsp; <strong>Da li mo\u017ee potaknuti neka nova razmi\u0161ljanja?<\/strong><\/p>\n\n\n\n<p><strong>30% bodova \u2013 nau\u010dni i prakti\u010dni dio projekta:<\/strong><\/p>\n\n\n\n<p>\u00d8&nbsp; <strong>Da li je projekat pru\u017eio razumijevanje i istakao zna\u010daj istra\u017eiva\u010dkog pitanja?<\/strong><\/p>\n\n\n\n<p>\u00d8&nbsp; <strong>Da li je projekat jasno opisao utjecaj i\/ili rezultate istra\u017eivanja, uklju\u010duju\u0107i zaklju\u010dke?<\/strong><\/p>\n\n\n\n<p>\u00d8&nbsp; <strong>Da li je projekat imao jasan i logi\u010dan slijed?<\/strong><\/p>\n\n\n\n<p>\u00d8&nbsp; <strong>Da li je dovoljno vremena posve\u0107enom svakom elementu ili je predugo razra\u0111ivan jedan aspekt?<\/strong><\/p>\n\n\n\n<p><strong>20% bodova \u2013 prezentacija:<\/strong><\/p>\n\n\n\n<p>\u00d8&nbsp; <strong>Da li je publika \u017eeljela znati vi\u0161e?<\/strong><\/p>\n\n\n\n<p>\u00d8&nbsp; <strong>Da li je projekat predstavljen jednostavnim jezikom?<\/strong><\/p>\n\n\n\n<p>\u00d8&nbsp; <strong>Da li je okupirana i zadr\u017eana pa\u017enja publike?<\/strong><\/p>\n\n\n\n<p>\u00d8 <strong>Da li su predstavnici imali dobar tempo i samopouzdanje prilikom predstavljanja projekta?<\/strong><\/p>\n\n\n\n<p><strong>TEHNI\u010cKI DETALJI:<\/strong><\/p>\n\n\n\n<p>\u00d8&nbsp; U\u010desnici su du\u017eni o\u010distiti svoj \u0161tand nakon takmi\u010denja i pokupiti svoje stvari.<\/p>\n\n\n\n<p>\u00d8&nbsp; Organizatori Evropske no\u0107i istra\u017eiva\u010da ne\u0107e odgovarati za opremu u\u010desnika.<\/p>\n\n\n\n<p>\u00d8&nbsp; Organizator osigurava jedan strujni priklju\u010dak. Ljubazno vas molimo da svaki tim ponese jedan produ\u017eni kabl.<\/p>\n\n\n\n<p><strong>NAGRADE:<br><\/strong>No\u0107 istra\u017eiva\u010da prepoznaje doprinos mladih istra\u017eiva\u010da nauci te po\u0161tuje va\u0161 trud i vrijeme stoga smo pripremili i vrijedne nagrade!<\/p>\n\n\n\n<p>\u00d8&nbsp; Prva tri tima \u0107e dobiti nagrade, a svi u\u010desnici srednjo\u0161kolskog takmi\u010denja dobit \u0107e diplome za ostvaren plasman u finale i u\u010de\u0161\u0107e u takmi\u010denju.<\/p>\n\n\n\n<p><strong>KALENDAR AKTIVNOSTI<\/strong><\/p>\n\n\n\n<figure class=\"wp-block-table\"><table class=\"has-fixed-layout\"><tbody><tr><td><strong>DO KADA<\/strong><\/td><td><strong>\u0160TA SE DOGA\u0110A<\/strong><\/td><\/tr><tr><td><strong>5.9.2024.<\/strong><\/td><td><strong>Otvaranje prijava za u\u010de\u0161\u0107e u takmi\u010denju srednjo\u0161kolskih timova<\/strong><\/td><\/tr><tr><td><strong>18.9.2024.<\/strong><\/td><td><strong>Finalni rok za prijavu srednjo\u0161kolskih timova na web stranici:<\/strong><strong>http:\/\/www.nocistrazivaca.ba\/ukljucite\u2010se\/takmicenje\u2010srednjoskolaca<\/strong><\/td><\/tr><tr><td><strong>20.9.2024.<\/strong><\/td><td><strong>Zavr\u0161en proces evaluacije pristiglih projekata i slanje obavje\u0161tenja finalistima<\/strong><\/td><\/tr><tr><td><strong>25.9.2024.<\/strong><\/td><td><strong>Okupljanje timova na informativni sastanak i podjela sredstava za kupovinu materijala.<\/strong><\/td><\/tr><tr><td><strong>27.9.2024.<\/strong><strong>15:00h<\/strong><strong>18:00 \u2013 20:00<\/strong><strong>20:30 \u2013 22:00<\/strong><strong>22:00<\/strong><\/td><td><strong>Evropska no\u0107 istra\u017eiva\u010da 2024.<\/strong><strong>Dolazak timova dva sata prije po\u010detka kako bi postavili \u0161tand i pripremili se za takmi\u010denje<\/strong><strong>Trajanje takmi\u010denja<\/strong><strong>Vrijeme za \u017eiri<\/strong><strong>Progla\u0161enje pobjednika (tri najbolja tima) i uru\u010divanje nagrada<\/strong><\/td><\/tr><\/tbody><\/table><\/figure>\n\n\n\n<p><strong>Rok za prijavu na takmi\u010denje je 18.9.2024. godine a prijave se vr\u0161e popunjavanjem prijavne forme.<\/strong><\/p>\n\n\n\n<p><strong>Za sva dodatna pitanja i informacije molimo da se obratite putem mejla:\u00a0 <a href=\"mailto:skola@nocistrazivaca.ba\" target=\"_blank\" rel=\"noreferrer noopener\">skola@nocistrazivaca.ba<\/a>.<\/strong><\/p>\n\n\n\n<p>Vi\u0161e informacija i prijave na: <a href=\"https:\/\/nocistrazivaca.ba\/prijavi-se\/greentech-innovators\" target=\"_blank\" rel=\"noreferrer noopener\">https:\/\/nocistrazivaca.ba\/prijavi-se\/greentech-innovators<\/a><\/p>\n","protected":false},"excerpt":{"rendered":"<p>Evropska no\u0107 istra\u017eiva\u010da Bosne i Hercegovine i Europe House vas pozivaju da u\u010destvujete u takmi\u010denju srednjo\u0161kolskih timova za najbolji nau\u010dno-istra\u017eiva\u010dki<\/p>\n","protected":false},"author":1,"featured_media":41592,"comment_status":"closed","ping_status":"open","sticky":false,"template":"","format":"standard","meta":{"om_disable_all_campaigns":false,"_monsterinsights_skip_tracking":false,"_monsterinsights_sitenote_active":false,"_monsterinsights_sitenote_note":"","_monsterinsights_sitenote_category":0,"footnotes":""},"categories":[12,1462],"tags":[13310,61,5664],"class_list":["post-41606","post","type-post","status-publish","format-standard","has-post-thumbnail","hentry","category-srednjoskolci","category-takmicenja","tag-greentech-innovators","tag-srednjoskolci","tag-takmicenja"],"jetpack_featured_media_url":"https:\/\/www.mladibl.com\/wp-content\/uploads\/2024\/09\/GreenTech-Innovators-\u2013-takmicenje-za-srednjoskolce.jpg","amp_enabled":true,"_links":{"self":[{"href":"https:\/\/www.mladibl.com\/index.php?rest_route=\/wp\/v2\/posts\/41606","targetHints":{"allow":["GET"]}}],"collection":[{"href":"https:\/\/www.mladibl.com\/index.php?rest_route=\/wp\/v2\/posts"}],"about":[{"href":"https:\/\/www.mladibl.com\/index.php?rest_route=\/wp\/v2\/types\/post"}],"author":[{"embeddable":true,"href":"https:\/\/www.mladibl.com\/index.php?rest_route=\/wp\/v2\/users\/1"}],"replies":[{"embeddable":true,"href":"https:\/\/www.mladibl.com\/index.php?rest_route=%2Fwp%2Fv2%2Fcomments&post=41606"}],"version-history":[{"count":1,"href":"https:\/\/www.mladibl.com\/index.php?rest_route=\/wp\/v2\/posts\/41606\/revisions"}],"predecessor-version":[{"id":41607,"href":"https:\/\/www.mladibl.com\/index.php?rest_route=\/wp\/v2\/posts\/41606\/revisions\/41607"}],"wp:featuredmedia":[{"embeddable":true,"href":"https:\/\/www.mladibl.com\/index.php?rest_route=\/wp\/v2\/media\/41592"}],"wp:attachment":[{"href":"https:\/\/www.mladibl.com\/index.php?rest_route=%2Fwp%2Fv2%2Fmedia&parent=41606"}],"wp:term":[{"taxonomy":"category","embeddable":true,"href":"https:\/\/www.mladibl.com\/index.php?rest_route=%2Fwp%2Fv2%2Fcategories&post=41606"},{"taxonomy":"post_tag","embeddable":true,"href":"https:\/\/www.mladibl.com\/index.php?rest_route=%2Fwp%2Fv2%2Ftags&post=41606"}],"curies":[{"name":"wp","href":"https:\/\/api.w.org\/{rel}","templated":true}]}}