{"id":41598,"date":"2024-09-10T01:12:51","date_gmt":"2024-09-09T23:12:51","guid":{"rendered":"https:\/\/www.mladibl.com\/?p=41598"},"modified":"2024-09-10T01:12:56","modified_gmt":"2024-09-09T23:12:56","slug":"utorak-u-banskom-dvoru-izlozba-presjek-akademskog-slikara-milovana-cikica","status":"publish","type":"post","link":"https:\/\/www.mladibl.com\/?p=41598","title":{"rendered":"Utorak u Banskom dvoru: Izlo\u017eba \u201ePresjek\u201c akademskog slikara Milovana \u010ciki\u0107a"},"content":{"rendered":"\n<p>U Malom izlo\u017ebenom salonu Kulturnog centru Banskog dvora u utorak, 10. septembra u 19.00 \u010dasova bi\u0107e otvorena izlo\u017eba \u201ePresjek\u201c akademskog slikara Milovana \u010ciki\u0107a.<\/p>\n\n\n\n<p>-Vrijeme se nepovratno osipa i stope koje ostaju za nama svjedo\u010danstva su i memorijali fizi\u010dkog i duhovnog zrenja u na\u0161em kratkom kosmi\u010dkom bljesku. Umjetni\u010dka senzibilna arhitektonika bi\u0107a podlo\u017ena je vje\u010ditom preispitivanju opravdanosti i kvaliteta artisti\u010dkih tragova koji ostaju kao zalog budu\u0107nosti i neizbrisivo svjedo\u010danstvo ljudskog postojanja \u2013 navedeno je u saop\u0161tenju Banskog dvora.<\/p>\n\n\n\n<p>Dodaju kako presjeci i slu\u017ee da u nekim trenucima umjetnik kroz reakciju publike i svoje autobiografsko preispitivanje valorizuje svoj dosada\u0161nji rad na likovnoj pozornici.<\/p>\n\n\n\n<p>-Oni nikako nisu stavljanje ta\u010dke na stvarala\u0161tvo i \u017eivljenje umjetnosti, nego bi ih prije mogli sagledati kao stvarala\u010dki intermeco u kojem umjetnik kao \u0160agal uzle\u0107e iznad svojih djela i iz neke druge perspektive sagledava svoje stvarala\u0161tvo, \u017eivot, vrijeme \u2013 dodaju u saop\u0161tenju.<\/p>\n\n\n\n<p>Preuzeto sa: <a href=\"https:\/\/www.banjaluka.rs.ba\/utorak-u-banskom-dvoru-izlozba-presjek-akademskog-slikara-milovana-cikica\/\" target=\"_blank\" rel=\"noreferrer noopener\">Grad Banja Luka<\/a><\/p>\n","protected":false},"excerpt":{"rendered":"<p>U Malom izlo\u017ebenom salonu Kulturnog centru Banskog dvora u utorak, 10. septembra u 19.00 \u010dasova bi\u0107e otvorena izlo\u017eba \u201ePresjek\u201c akademskog<\/p>\n","protected":false},"author":1,"featured_media":41595,"comment_status":"closed","ping_status":"open","sticky":false,"template":"","format":"standard","meta":{"om_disable_all_campaigns":false,"_monsterinsights_skip_tracking":false,"_monsterinsights_sitenote_active":false,"_monsterinsights_sitenote_note":"","_monsterinsights_sitenote_category":0,"footnotes":""},"categories":[2],"tags":[699,13305,13303],"class_list":["post-41598","post","type-post","status-publish","format-standard","has-post-thumbnail","hentry","category-vijesti","tag-izlozba","tag-milovan-cikic","tag-presjek"],"jetpack_featured_media_url":"https:\/\/www.mladibl.com\/wp-content\/uploads\/2024\/09\/Utorak-u-Banskom-dvoru_-Izlozba-\u201ePresjek-akademskog-slikara-Milovana-Cikica.jpg","amp_enabled":true,"_links":{"self":[{"href":"https:\/\/www.mladibl.com\/index.php?rest_route=\/wp\/v2\/posts\/41598","targetHints":{"allow":["GET"]}}],"collection":[{"href":"https:\/\/www.mladibl.com\/index.php?rest_route=\/wp\/v2\/posts"}],"about":[{"href":"https:\/\/www.mladibl.com\/index.php?rest_route=\/wp\/v2\/types\/post"}],"author":[{"embeddable":true,"href":"https:\/\/www.mladibl.com\/index.php?rest_route=\/wp\/v2\/users\/1"}],"replies":[{"embeddable":true,"href":"https:\/\/www.mladibl.com\/index.php?rest_route=%2Fwp%2Fv2%2Fcomments&post=41598"}],"version-history":[{"count":1,"href":"https:\/\/www.mladibl.com\/index.php?rest_route=\/wp\/v2\/posts\/41598\/revisions"}],"predecessor-version":[{"id":41599,"href":"https:\/\/www.mladibl.com\/index.php?rest_route=\/wp\/v2\/posts\/41598\/revisions\/41599"}],"wp:featuredmedia":[{"embeddable":true,"href":"https:\/\/www.mladibl.com\/index.php?rest_route=\/wp\/v2\/media\/41595"}],"wp:attachment":[{"href":"https:\/\/www.mladibl.com\/index.php?rest_route=%2Fwp%2Fv2%2Fmedia&parent=41598"}],"wp:term":[{"taxonomy":"category","embeddable":true,"href":"https:\/\/www.mladibl.com\/index.php?rest_route=%2Fwp%2Fv2%2Fcategories&post=41598"},{"taxonomy":"post_tag","embeddable":true,"href":"https:\/\/www.mladibl.com\/index.php?rest_route=%2Fwp%2Fv2%2Ftags&post=41598"}],"curies":[{"name":"wp","href":"https:\/\/api.w.org\/{rel}","templated":true}]}}