{"id":41503,"date":"2024-09-04T22:50:59","date_gmt":"2024-09-04T20:50:59","guid":{"rendered":"https:\/\/www.mladibl.com\/?p=41503"},"modified":"2024-09-04T22:51:04","modified_gmt":"2024-09-04T20:51:04","slug":"do-23-septembra-u-muzeju-republike-srpske-otvorena-izlozba-tragovi-autora-sanje-bajic","status":"publish","type":"post","link":"https:\/\/www.mladibl.com\/?p=41503","title":{"rendered":"Do 23. septembra: U Muzeju Republike Srpske otvorena izlo\u017eba \u201eTragovi\u201c autora Sanje Baji\u0107"},"content":{"rendered":"\n<p>U Muzeju Republike Srpske otvorena je izlo\u017eba&nbsp;nakita inspirisanog Zmijanjskim vezom \u201eTragovi\u201c autora Sanje Baji\u0107, kao i radionica Zmijanjskog veza za sve zainteresovane posjetioce,<\/p>\n\n\n\n<p>Kako navode iz Muzeja, bila je to prilika da se podvu\u010de zna\u010daj Zmijanja, kao geografskog i poetskog zavi\u010daja Petra Ko\u010di\u0107a, kao i Zmijanjskog veza, prvog elementa iz Bosne i Hercegovine upisanog na Reprezentativnu listu nematerijalnog kulturnog naslje\u0111a UNESKO-a.<\/p>\n\n\n\n<p>-Na nakitu izra\u0111enom od srebra Zmijanjski vez je predstavljen autenti\u010dnim tehnikama i geometrijskim formama, te oslikava svijest pojedinca o zna\u010daju o\u010duvanja kulturnog naslje\u0111a i njegove primjene u savremenom dru\u0161tvu. Specifi\u010dan spoj tradicije i savremenosti, Zmijanjski vez povezuje nas danas sa kulturom pa i na\u010dinom \u017eivota na\u0161ih predaka. U Muzeju Republike Srpske, kao centralnoj muzjeskoj ustanovi u Republici Srpskoj povezujemo pro\u0161lost i sada\u0161njost i \u010duvamo amanet za budu\u0107nost \u2013 dodaju iz ove ustanove.<\/p>\n\n\n\n<p>Izlo\u017ebu nakita \u201eTragovi\u201c svi zainteresovani mogu pogledati do 23. septembra.<\/p>\n\n\n\n<p>Preuzeto sa: <a href=\"https:\/\/www.banjaluka.rs.ba\/u-muzeju-republike-srpske-otvorena-izlozba-tragovi-autora-sanje-bajic\/\" target=\"_blank\" rel=\"noreferrer noopener\">Grad Banja Luka<\/a><\/p>\n","protected":false},"excerpt":{"rendered":"<p>U Muzeju Republike Srpske otvorena je izlo\u017eba&nbsp;nakita inspirisanog Zmijanjskim vezom \u201eTragovi\u201c autora Sanje Baji\u0107, kao i radionica Zmijanjskog veza za<\/p>\n","protected":false},"author":1,"featured_media":41500,"comment_status":"closed","ping_status":"open","sticky":false,"template":"","format":"standard","meta":{"om_disable_all_campaigns":false,"_monsterinsights_skip_tracking":false,"_monsterinsights_sitenote_active":false,"_monsterinsights_sitenote_note":"","_monsterinsights_sitenote_category":0,"footnotes":""},"categories":[2],"tags":[699,13285,11787],"class_list":["post-41503","post","type-post","status-publish","format-standard","has-post-thumbnail","hentry","category-vijesti","tag-izlozba","tag-sanja-bajic","tag-tragovi"],"jetpack_featured_media_url":"https:\/\/www.mladibl.com\/wp-content\/uploads\/2024\/09\/Do-23.-septembra_-U-Muzeju-Republike-Srpske-otvorena-izlozba-\u201eTragovi-autora-Sanje-Bajic.jpg","amp_enabled":true,"_links":{"self":[{"href":"https:\/\/www.mladibl.com\/index.php?rest_route=\/wp\/v2\/posts\/41503","targetHints":{"allow":["GET"]}}],"collection":[{"href":"https:\/\/www.mladibl.com\/index.php?rest_route=\/wp\/v2\/posts"}],"about":[{"href":"https:\/\/www.mladibl.com\/index.php?rest_route=\/wp\/v2\/types\/post"}],"author":[{"embeddable":true,"href":"https:\/\/www.mladibl.com\/index.php?rest_route=\/wp\/v2\/users\/1"}],"replies":[{"embeddable":true,"href":"https:\/\/www.mladibl.com\/index.php?rest_route=%2Fwp%2Fv2%2Fcomments&post=41503"}],"version-history":[{"count":1,"href":"https:\/\/www.mladibl.com\/index.php?rest_route=\/wp\/v2\/posts\/41503\/revisions"}],"predecessor-version":[{"id":41504,"href":"https:\/\/www.mladibl.com\/index.php?rest_route=\/wp\/v2\/posts\/41503\/revisions\/41504"}],"wp:featuredmedia":[{"embeddable":true,"href":"https:\/\/www.mladibl.com\/index.php?rest_route=\/wp\/v2\/media\/41500"}],"wp:attachment":[{"href":"https:\/\/www.mladibl.com\/index.php?rest_route=%2Fwp%2Fv2%2Fmedia&parent=41503"}],"wp:term":[{"taxonomy":"category","embeddable":true,"href":"https:\/\/www.mladibl.com\/index.php?rest_route=%2Fwp%2Fv2%2Fcategories&post=41503"},{"taxonomy":"post_tag","embeddable":true,"href":"https:\/\/www.mladibl.com\/index.php?rest_route=%2Fwp%2Fv2%2Ftags&post=41503"}],"curies":[{"name":"wp","href":"https:\/\/api.w.org\/{rel}","templated":true}]}}