{"id":4146,"date":"2020-11-17T11:38:48","date_gmt":"2020-11-17T09:38:48","guid":{"rendered":"http:\/\/www.mladibl.com\/?p=4146"},"modified":"2020-11-17T11:38:50","modified_gmt":"2020-11-17T09:38:50","slug":"poziv-u-okviru-evropskog-zelenog-plana-podsticanje-zelene-i-digitalne-tranzicije-2","status":"publish","type":"post","link":"https:\/\/www.mladibl.com\/?p=4146","title":{"rendered":"Poziv u okviru evropskog Zelenog plana: Podsticanje zelene i digitalne tranzicije"},"content":{"rendered":"\n<p>Vanjskotrgovinska\/Spoljnotrgovinska komora Bosne i Hercegovine je obavije\u0161tena da je Evropska komisija je u okviru evropskog Zelenog plana objavila poziv u vrijednosti od milijardu eura za istra\u017eiva\u010dke i inovacijske projekte, odnosno projekte koji daju odgovore na klimatsku krizu i za\u0161titu jedinstvenog evropskog ekosistema i biodiverziteta.<\/p>\n\n\n\n<p>Poziv u okviru europskog zelenog plana financirat \u0107e se iz programa Obzor 2020. Njegov je cilj potaknuti oporavak Europe od krize uzrokovane koronavirusom pretvaranjem zelenih izazova u prilike za inovacije.<\/p>\n\n\n\n<p>Za financiranje \u0107e se odabrati projekti koji \u0107e donijeti rezultate i opipljive koristi u deset podru\u010dja.<\/p>\n\n\n\n<p>Osam tematskih podru\u010dja odraz su klju\u010dnih elemenata europskog zelenog plana:<\/p>\n\n\n\n<ol class=\"wp-block-list\"><li>pove\u0107anje klimatskih ambicija,<\/li><li>sigurna opskrba \u010distom i cjenovno pristupa\u010dnom energijom,<\/li><li>industrija za \u010disto i kru\u017eno gospodarstvo,<\/li><li>energija i energetski u\u010dinkovite zgrade,<\/li><li>odr\u017eiva i pametna mobilnost,<\/li><li>strategija \u201eod polja do stola\u201d,<\/li><li>bioraznolikost i ekosustavi i<\/li><li>nulta stopa one\u010di\u0161\u0107enja, netoksi\u010dan okoli\u0161.<\/li><\/ol>\n\n\n\n<p>Dva horizontalna podru\u010dja \u2013 produbljivanje znanja i osna\u017eivanje gra\u0111ana \u2013 dugoro\u010dno \u0107e omogu\u0107iti dovr\u0161etak tranzicija iz europskog zelenog plana.<\/p>\n\n\n\n<p>Rok za podno\u0161enje prijava je 26. januar 2021. godine, a implementacija odabranih projekata trebala bi zapo\u010deti u jesen 2021. godine<\/p>\n\n\n\n<p><strong><a href=\"http:\/\/www.komorabih.ba\/poziv-u-okviru-evropskog-zelenog-plana-poticanje-zelene-i-digitalne-tranzicije\/\" target=\"_blank\" rel=\"noreferrer noopener\" aria-label=\"komorabih.ba (opens in a new tab)\">komorabih.ba<\/a><\/strong><\/p>\n\n\n\n<p>Preuzeto sa: <a href=\"https:\/\/www.hocu.ba\/indexphp\/hocupriliku\/poziv-u-okviru-evropskog-zelenog-plana-poticanje-zelene-i-digitalne-tranzicije\/\" target=\"_blank\" rel=\"noreferrer noopener\" aria-label=\"hocu.ba (opens in a new tab)\">hocu.ba<\/a><\/p>\n","protected":false},"excerpt":{"rendered":"<p>Vanjskotrgovinska\/Spoljnotrgovinska komora Bosne i Hercegovine je obavije\u0161tena da je Evropska komisija je u okviru evropskog Zelenog plana objavila poziv u<\/p>\n","protected":false},"author":1,"featured_media":4147,"comment_status":"closed","ping_status":"open","sticky":false,"template":"","format":"standard","meta":{"om_disable_all_campaigns":false,"_monsterinsights_skip_tracking":false,"_monsterinsights_sitenote_active":false,"_monsterinsights_sitenote_note":"","_monsterinsights_sitenote_category":0,"footnotes":""},"categories":[7],"tags":[1682,2014,491,1680,1683,1681],"class_list":["post-4146","post","type-post","status-publish","format-standard","has-post-thumbnail","hentry","category-grantovi","tag-digitalna","tag-evropski-zeleni-plan","tag-grantovi","tag-podsticanje","tag-tranzicija","tag-zelena"],"jetpack_featured_media_url":"https:\/\/www.mladibl.com\/wp-content\/uploads\/2020\/11\/Poziv-u-okviru-evropskog-Zelenog-plana_-Poticanje-zelene-i-digitalne-tranzicije.jpg","amp_enabled":true,"_links":{"self":[{"href":"https:\/\/www.mladibl.com\/index.php?rest_route=\/wp\/v2\/posts\/4146","targetHints":{"allow":["GET"]}}],"collection":[{"href":"https:\/\/www.mladibl.com\/index.php?rest_route=\/wp\/v2\/posts"}],"about":[{"href":"https:\/\/www.mladibl.com\/index.php?rest_route=\/wp\/v2\/types\/post"}],"author":[{"embeddable":true,"href":"https:\/\/www.mladibl.com\/index.php?rest_route=\/wp\/v2\/users\/1"}],"replies":[{"embeddable":true,"href":"https:\/\/www.mladibl.com\/index.php?rest_route=%2Fwp%2Fv2%2Fcomments&post=4146"}],"version-history":[{"count":1,"href":"https:\/\/www.mladibl.com\/index.php?rest_route=\/wp\/v2\/posts\/4146\/revisions"}],"predecessor-version":[{"id":4148,"href":"https:\/\/www.mladibl.com\/index.php?rest_route=\/wp\/v2\/posts\/4146\/revisions\/4148"}],"wp:featuredmedia":[{"embeddable":true,"href":"https:\/\/www.mladibl.com\/index.php?rest_route=\/wp\/v2\/media\/4147"}],"wp:attachment":[{"href":"https:\/\/www.mladibl.com\/index.php?rest_route=%2Fwp%2Fv2%2Fmedia&parent=4146"}],"wp:term":[{"taxonomy":"category","embeddable":true,"href":"https:\/\/www.mladibl.com\/index.php?rest_route=%2Fwp%2Fv2%2Fcategories&post=4146"},{"taxonomy":"post_tag","embeddable":true,"href":"https:\/\/www.mladibl.com\/index.php?rest_route=%2Fwp%2Fv2%2Ftags&post=4146"}],"curies":[{"name":"wp","href":"https:\/\/api.w.org\/{rel}","templated":true}]}}