{"id":41194,"date":"2024-08-18T21:40:19","date_gmt":"2024-08-18T19:40:19","guid":{"rendered":"https:\/\/www.mladibl.com\/?p=41194"},"modified":"2024-08-18T21:49:05","modified_gmt":"2024-08-18T19:49:05","slug":"poziv-za-medijske-profesionalce-i-udruzenja-na-radionicu-kako-pripremiti-projektni-prijedlog-za-fondove-eu-i-efikasno-upravljati-projektnim-ciklusom","status":"publish","type":"post","link":"https:\/\/www.mladibl.com\/?p=41194","title":{"rendered":"Poziv za medijske profesionalce i udru\u017eenja na radionicu \u201eKako pripremiti projektni prijedlog za fondove EU i efikasno upravljati projektnim ciklusom\u201c"},"content":{"rendered":"\n<p>Direkcija za evropske integracije s ciljem podr\u0161ke radu medijskih radnika i ja\u010danju saradnje s medijskom zajednicom i organizacijama koje se bave pitanjem medija u Bosni i Hercegovini objavljuje poziv za prijavu na radionicu \u201eKako pripremiti projektni prijedlog za fondove EU i efikasno upravljati projektnim ciklusom\u201c.<\/p>\n\n\n\n<p>Na radionicu se mogu prijaviti vlasnici medija, urednici, novinari i ostali medijski radnici, novinari frilenseri (<em>freelance<\/em>) te uposlenici i \u010dlanovi udru\u017eenja koja se bave pitanjem medija.<\/p>\n\n\n\n<p>&nbsp;Dvodnevne radionice \u0107e biti odr\u017eane u septembru i oktobru 2024. godine:<\/p>\n\n\n\n<ul class=\"wp-block-list\">\n<li>12. i 13.9. 2024. &#8211; Mostar<\/li>\n\n\n\n<li>26. i 27.9. 2024. &#8211; Sarajevo\u00a0<\/li>\n\n\n\n<li>10. i 11.10. 2024. &#8211; Banja Luka<\/li>\n\n\n\n<li>17. i 18.10. 2024. &#8211; Tuzla<\/li>\n<\/ul>\n\n\n\n<p><strong>Rok za prijavu je 4. septembar 2024. godine, a obrazac za prijavu dostupan je na linku za\u00a0<\/strong><a href=\"https:\/\/forms.office.com\/e\/94KFt9MFbm\" target=\"_blank\" rel=\"noreferrer noopener\"><strong>PRIJAVU<\/strong><\/a><strong>.<\/strong><\/p>\n\n\n\n<p>Polaznici radionica \u0107e, izme\u0111u ostalog, ste\u0107i teoretsko i prakti\u010dno znanje o:<\/p>\n\n\n\n<ul class=\"wp-block-list\">\n<li>EU fondovima koji su dostupni korisnicima u BiH<\/li>\n\n\n\n<li>Koracima koji prethode izradi projekata i procesu izrade projekata<\/li>\n\n\n\n<li>Metodologiji upravljanja projektnim ciklusom &#8211;\u00a0<em>PCM<\/em>\u00a0(<em>Project Cycle Management<\/em>) i njenim fazama<\/li>\n\n\n\n<li>Pristupu logi\u010dkog okvira (<em>Logical Framework Approach &#8211; LFA<\/em>) i Matrici logi\u010dkog okvira (<em>Logical Framework &#8211; LFM<\/em>)<\/li>\n\n\n\n<li>Osnovnim elementima bud\u017eeta\u00a0\u00a0<\/li>\n\n\n\n<li>Elementima obrasca za grant aplikaciju (savjeti iz prakse).<\/li>\n<\/ul>\n\n\n\n<p>U\u010de\u0161\u0107e na radionicama je besplatno. Direkcija za evropske integracije ne\u0107e snositi tro\u0161kove boravka i prevoza u\u010desnika. Materijali i ostale logisti\u010dke informacije bit \u0107e pravovremeno dostavljene polaznicima radionica. Za sve dodatne informacije mo\u017eete nas kontaktirati na broj telefona&nbsp;<strong>033 255 315<\/strong>&nbsp;ili e-mail adresu:&nbsp;<strong><a href=\"mailto:press@dei.gov.ba\">press@dei.gov.ba<\/a><\/strong>.&nbsp;<\/p>\n\n\n\n<figure class=\"wp-block-image size-full\"><img loading=\"lazy\" decoding=\"async\" width=\"800\" height=\"800\" src=\"http:\/\/www.mladibl.com\/wp-content\/uploads\/2024\/08\/Poziv-za-medijske-profesionalce-i-udruzenja-na-radionicu-\u201eKako-pripremiti-projektni-prijedlog-za-fondove-EU-i-efikasno-upravljati-projektnim-ciklusom.jpg\" alt=\"Poziv za medijske profesionalce i udru\u017eenja na radionicu \u201eKako pripremiti projektni prijedlog za fondove EU i efikasno upravljati projektnim ciklusom\u201c\" class=\"wp-image-41182\" srcset=\"https:\/\/www.mladibl.com\/wp-content\/uploads\/2024\/08\/Poziv-za-medijske-profesionalce-i-udruzenja-na-radionicu-\u201eKako-pripremiti-projektni-prijedlog-za-fondove-EU-i-efikasno-upravljati-projektnim-ciklusom.jpg 800w, https:\/\/www.mladibl.com\/wp-content\/uploads\/2024\/08\/Poziv-za-medijske-profesionalce-i-udruzenja-na-radionicu-\u201eKako-pripremiti-projektni-prijedlog-za-fondove-EU-i-efikasno-upravljati-projektnim-ciklusom-300x300.jpg 300w, https:\/\/www.mladibl.com\/wp-content\/uploads\/2024\/08\/Poziv-za-medijske-profesionalce-i-udruzenja-na-radionicu-\u201eKako-pripremiti-projektni-prijedlog-za-fondove-EU-i-efikasno-upravljati-projektnim-ciklusom-150x150.jpg 150w, https:\/\/www.mladibl.com\/wp-content\/uploads\/2024\/08\/Poziv-za-medijske-profesionalce-i-udruzenja-na-radionicu-\u201eKako-pripremiti-projektni-prijedlog-za-fondove-EU-i-efikasno-upravljati-projektnim-ciklusom-768x768.jpg 768w\" sizes=\"auto, (max-width: 800px) 100vw, 800px\" \/><\/figure>\n\n\n\n<p>Preuzeto sa: <a href=\"https:\/\/www.dei.gov.ba\/bs\/poziv-za-medijske-profesionalce-i-udruzenja-na-radionicu-kako-pripremiti-projektni-prijedlog-za-fondove-eu-i-efikasno-upravljati-projektnim-ciklusom\" target=\"_blank\" rel=\"noreferrer noopener\">dei.gov.ba<\/a><\/p>\n","protected":false},"excerpt":{"rendered":"<p>Direkcija za evropske integracije s ciljem podr\u0161ke radu medijskih radnika i ja\u010danju saradnje s medijskom zajednicom i organizacijama koje se<\/p>\n","protected":false},"author":1,"featured_media":41182,"comment_status":"closed","ping_status":"open","sticky":false,"template":"","format":"standard","meta":{"om_disable_all_campaigns":false,"_monsterinsights_skip_tracking":false,"_monsterinsights_sitenote_active":false,"_monsterinsights_sitenote_note":"","_monsterinsights_sitenote_category":0,"footnotes":""},"categories":[4,8692],"tags":[3332,247,5682,10434],"class_list":["post-41194","post","type-post","status-publish","format-standard","has-post-thumbnail","hentry","category-edukacija","category-izdvajamo","tag-eu-fondovi","tag-mediji","tag-projektni-ciklus","tag-projektni-prijedlog"],"jetpack_featured_media_url":"https:\/\/www.mladibl.com\/wp-content\/uploads\/2024\/08\/Poziv-za-medijske-profesionalce-i-udruzenja-na-radionicu-\u201eKako-pripremiti-projektni-prijedlog-za-fondove-EU-i-efikasno-upravljati-projektnim-ciklusom.jpg","amp_enabled":true,"_links":{"self":[{"href":"https:\/\/www.mladibl.com\/index.php?rest_route=\/wp\/v2\/posts\/41194","targetHints":{"allow":["GET"]}}],"collection":[{"href":"https:\/\/www.mladibl.com\/index.php?rest_route=\/wp\/v2\/posts"}],"about":[{"href":"https:\/\/www.mladibl.com\/index.php?rest_route=\/wp\/v2\/types\/post"}],"author":[{"embeddable":true,"href":"https:\/\/www.mladibl.com\/index.php?rest_route=\/wp\/v2\/users\/1"}],"replies":[{"embeddable":true,"href":"https:\/\/www.mladibl.com\/index.php?rest_route=%2Fwp%2Fv2%2Fcomments&post=41194"}],"version-history":[{"count":1,"href":"https:\/\/www.mladibl.com\/index.php?rest_route=\/wp\/v2\/posts\/41194\/revisions"}],"predecessor-version":[{"id":41195,"href":"https:\/\/www.mladibl.com\/index.php?rest_route=\/wp\/v2\/posts\/41194\/revisions\/41195"}],"wp:featuredmedia":[{"embeddable":true,"href":"https:\/\/www.mladibl.com\/index.php?rest_route=\/wp\/v2\/media\/41182"}],"wp:attachment":[{"href":"https:\/\/www.mladibl.com\/index.php?rest_route=%2Fwp%2Fv2%2Fmedia&parent=41194"}],"wp:term":[{"taxonomy":"category","embeddable":true,"href":"https:\/\/www.mladibl.com\/index.php?rest_route=%2Fwp%2Fv2%2Fcategories&post=41194"},{"taxonomy":"post_tag","embeddable":true,"href":"https:\/\/www.mladibl.com\/index.php?rest_route=%2Fwp%2Fv2%2Ftags&post=41194"}],"curies":[{"name":"wp","href":"https:\/\/api.w.org\/{rel}","templated":true}]}}