{"id":41188,"date":"2024-08-18T21:35:31","date_gmt":"2024-08-18T19:35:31","guid":{"rendered":"https:\/\/www.mladibl.com\/?p=41188"},"modified":"2024-08-18T21:35:37","modified_gmt":"2024-08-18T19:35:37","slug":"utorak-u-art-dvoristu-banskog-dvora-koncert-duo-accordiano","status":"publish","type":"post","link":"https:\/\/www.mladibl.com\/?p=41188","title":{"rendered":"Utorak u Art dvori\u0161tu Banskog dvora: Koncert \u201eDuo Accordiano\u201c"},"content":{"rendered":"\n<p>U Art dvori\u0161tu Banskog dvora u utorak, 20. avgusta sa po\u010detkom od 21.00 \u010das bi\u0107e odr\u017ean koncert \u201eDuo Accordiano\u201c \u2013 Sanja Zeli\u0107 (klavir) &amp; Darko Ru\u017ei\u010di\u0107 (harmonika).<\/p>\n\n\n\n<p>-Publika \u0107e na ovom koncertu imati priliku da u\u017eiva u evergrin kompozicijama, ali i d\u017eez standardima.U slu\u010daju ki\u0161e i nepovoljnih vremenskih prilika, koncert \u0107e biti odr\u017ean u Koncertnoj dvorani Banskog dvora \u2013 navedeno je u saop\u0161tenju.<\/p>\n\n\n\n<p>Besplatne pozivnice mo\u017eete preuzeti na biletarnici Banskog dvora svakim radnim danom, osim vikendom u periodu od 12.00 do 18.00 \u010dasova.<\/p>\n\n\n\n<p>Preuzeto sa: <a href=\"https:\/\/www.banjaluka.rs.ba\/utorak-u-art-dvoristu-banskog-dvora\/\" target=\"_blank\" rel=\"noreferrer noopener\">Grad Banja Luka<\/a><\/p>\n","protected":false},"excerpt":{"rendered":"<p>U Art dvori\u0161tu Banskog dvora u utorak, 20. avgusta sa po\u010detkom od 21.00 \u010das bi\u0107e odr\u017ean koncert \u201eDuo Accordiano\u201c \u2013<\/p>\n","protected":false},"author":1,"featured_media":41185,"comment_status":"closed","ping_status":"open","sticky":false,"template":"","format":"standard","meta":{"om_disable_all_campaigns":false,"_monsterinsights_skip_tracking":false,"_monsterinsights_sitenote_active":false,"_monsterinsights_sitenote_note":"","_monsterinsights_sitenote_category":0,"footnotes":""},"categories":[2],"tags":[5749,881,11745,3536],"class_list":["post-41188","post","type-post","status-publish","format-standard","has-post-thumbnail","hentry","category-vijesti","tag-art-dvoriste","tag-banski-dvor","tag-duo-accordiano","tag-koncert"],"jetpack_featured_media_url":"https:\/\/www.mladibl.com\/wp-content\/uploads\/2024\/08\/Utorak-u-Art-dvoristu-Banskog-dvora_-Koncert-\u201eDuo-Accordiano.jpg","amp_enabled":true,"_links":{"self":[{"href":"https:\/\/www.mladibl.com\/index.php?rest_route=\/wp\/v2\/posts\/41188","targetHints":{"allow":["GET"]}}],"collection":[{"href":"https:\/\/www.mladibl.com\/index.php?rest_route=\/wp\/v2\/posts"}],"about":[{"href":"https:\/\/www.mladibl.com\/index.php?rest_route=\/wp\/v2\/types\/post"}],"author":[{"embeddable":true,"href":"https:\/\/www.mladibl.com\/index.php?rest_route=\/wp\/v2\/users\/1"}],"replies":[{"embeddable":true,"href":"https:\/\/www.mladibl.com\/index.php?rest_route=%2Fwp%2Fv2%2Fcomments&post=41188"}],"version-history":[{"count":1,"href":"https:\/\/www.mladibl.com\/index.php?rest_route=\/wp\/v2\/posts\/41188\/revisions"}],"predecessor-version":[{"id":41189,"href":"https:\/\/www.mladibl.com\/index.php?rest_route=\/wp\/v2\/posts\/41188\/revisions\/41189"}],"wp:featuredmedia":[{"embeddable":true,"href":"https:\/\/www.mladibl.com\/index.php?rest_route=\/wp\/v2\/media\/41185"}],"wp:attachment":[{"href":"https:\/\/www.mladibl.com\/index.php?rest_route=%2Fwp%2Fv2%2Fmedia&parent=41188"}],"wp:term":[{"taxonomy":"category","embeddable":true,"href":"https:\/\/www.mladibl.com\/index.php?rest_route=%2Fwp%2Fv2%2Fcategories&post=41188"},{"taxonomy":"post_tag","embeddable":true,"href":"https:\/\/www.mladibl.com\/index.php?rest_route=%2Fwp%2Fv2%2Ftags&post=41188"}],"curies":[{"name":"wp","href":"https:\/\/api.w.org\/{rel}","templated":true}]}}