{"id":41128,"date":"2024-08-15T08:11:55","date_gmt":"2024-08-15T06:11:55","guid":{"rendered":"https:\/\/www.mladibl.com\/?p=41128"},"modified":"2024-08-15T08:12:00","modified_gmt":"2024-08-15T06:12:00","slug":"druga-dm-strucna-konferencija-o-fizickom-i-mentalnom-zdravlju-zena-u-tri-bh-grada","status":"publish","type":"post","link":"https:\/\/www.mladibl.com\/?p=41128","title":{"rendered":"Druga dm stru\u010dna konferencija o fizi\u010dkom i mentalnom zdravlju \u017eena u tri bh. grada"},"content":{"rendered":"\n<p>Nakon pro\u0161logodi\u0161nje, prve stru\u010dne konferencije na temu fizi\u010dkog i mentalnog zdravlja \u017eena, koja je izazvala veliki interes za sudjelovanjem, kompanija dm najavljuje ovogodi\u0161nju konferenciju u \u010dak tri bh. grada.<\/p>\n\n\n\n<p>Konferencije, za koje su ulaznice od danas 14.8. u prodaji, \u0107e se odr\u017eati 4.9. u Banjoj Luci, 6.9. u Sarajevu i 10.9. u Mostaru. Konferencija ima za cilj da istakne va\u017enost preventivnog pristupa zdravlju op\u0107enito, s posebnim naglaskom na fizi\u010dko i mentalno zdravlje \u017eena te da pru\u017ei konkretne savjete koji \u0107e pomo\u0107i \u017eenama da vode kvalitetniji \u017eivot s ciljem o\u010duvanja zdravlja.<\/p>\n\n\n\n<p><strong>Teme konferencije i predava\u010di<\/strong><\/p>\n\n\n\n<p>Teme ovogodi\u0161njih predavanja renomiranih stru\u010dnjaka iz na\u0161e zemlje \u0107e biti iz oblasti ginekologije, psihologije, endokrinologije, nutricionizma, sa posebnim fokusom na menstrualno zdravlje.<\/p>\n\n\n\n<p>Prve o ovim va\u017enim temama u&nbsp;<strong>Banjoj Luci<\/strong>&nbsp;4. septembra \u0107e govoriti: doc. dr. sc. med.&nbsp;<strong>Arnela Ceri\u0107 Bani\u010devi\u0107<\/strong>, spec. ginekologije i aku\u0161erstva, zatim mr. ph.&nbsp;<strong>Dragana Lo\u0161i\u0107<\/strong>, nutricionistica,&nbsp;<strong>Brankica Rakovi\u0107<\/strong>, urednica prvog online magazina u BiH \u201cLola magazin\u201d te dr.&nbsp;<strong>Bojana Cari\u0107<\/strong>, spec. interne medicine i subspec. endokrinologije, dok \u0107e za psiholo\u0161ke radionice biti zadu\u017eene&nbsp;<strong>Gordana Ru\u017ei\u0107 Miluni\u0107<\/strong>&nbsp;i&nbsp;<strong>Danka Stojanovi\u0107 Mitrovi\u0107<\/strong>.<\/p>\n\n\n\n<p>U&nbsp;<strong>Sarajevu<\/strong>&nbsp;6. septembra \u0107e svoje znanje podijeliti i dati prakti\u010dne savjete: prof. dr.&nbsp;<strong>Jasna Bajraktarevi\u0107<\/strong>, psihologinja, zatim prof. dr.&nbsp;<strong>Zelija Velija-A\u0161imi<\/strong>, endokrinologinja i dijabetologinja, o ginekologiji i aku\u0161erstvu \u0107e govoriti mr. sci. dr.&nbsp;<strong>Vanesa Dujso-Radasli\u0107<\/strong>, a savjete o osvije\u0161tenoj i izbalansiranoj ishrani \u0107e dati dr. sci.&nbsp;<strong>Marizela \u0160abanovi\u0107<\/strong>, nutricionistica.<\/p>\n\n\n\n<p>Posljednja u nizu predavanja i radionice u&nbsp;<strong>Mostaru<\/strong>&nbsp;10. septembra odr\u017eat \u0107e: mr.&nbsp;<strong>Nevena Pand\u017ea<\/strong>, nutricionistica, zatim dr. sc.&nbsp;<strong>Romana Barbari\u0107<\/strong>, psihijatrica, govorit \u0107e i mr.sc.&nbsp;<strong>Tanja Kre\u0161i\u0107<\/strong>, spec. ginekologije i porodni\u0161tva i subspec. ginekolo\u0161ke onkologije te msc.&nbsp;<strong>Petra Salari\u0107<\/strong>, tabu stru\u010dnjakinja, a o zna\u010daju fizi\u010dkog zdravlja govorit \u0107e mag. cin.&nbsp;<strong>Ana Marija Penava<\/strong>, fitness instruktorica.<\/p>\n\n\n\n<p>\u201cBlizu tri stotine prisutnih na pro\u0161logodi\u0161njoj konferenciji o zdravlju \u017eena i njihove pozitivne reakcije bile su znak da ovaj, uistinu jedinstven doga\u0111aj, trebamo ne samo nastaviti organizirati, nego i pro\u0161iriti na druge bh. gradove. Ove godine, u tri grada, vi\u0161e od 500 \u017eena mo\u0107i \u0107e na jednom mjestu slu\u0161ati vrsne stru\u010dnjake iz razli\u010ditih oblasti, postaviti pitanja i dobiti savjete o tome kako u svakodnevnom \u017eivotu vi\u0161e misliti na vlastitu dobrobit i unaprijediti svoje zdravlje\u201d, poru\u010dila je&nbsp;<strong>Ajla Had\u017ei\u0107<\/strong>, menad\u017eerica marketinga u dm-u.<\/p>\n\n\n\n<p><strong>Prodaja i cijena ulaznica<\/strong><\/p>\n\n\n\n<p>Ulaznice su u prodaji od 14. augusta, u odabranim dm prodavnicama u Banjoj Luci, Sarajevu i Mostaru, a broj mjesta je ograni\u010den. Cijena ulaznice je 10 KM, a uz nju se dobije i dm poklon kartica u istoj vrijednosti.<\/p>\n\n\n\n<p>Tokom \u0161estosatne konferencije, pored predavanja stru\u010dnjaka, prisutne o\u010dekuju i pokloni dm-a i partnera konferencije, a ulaznica uklju\u010duje i ru\u010dak te kafe pauze. Bez ulaznice ne\u0107e biti mogu\u0107e sudjelovati na konferenciji te iz dm-a pozivaju zainteresirane da \u0161to prije nabave svoju ulaznicu i osiguraju mjesto na ovom jedinstvenom doga\u0111aju.<\/p>\n\n\n\n<p>Preuzeto sa: <a href=\"https:\/\/www.mreza-mira.net\/vijesti\/seminari-treninzi\/druga-dm-strucna-konferencija-o-fizickom-i-mentalnom-zdravlju-zena-u-tri-bh-grada\/\" target=\"_blank\" rel=\"noreferrer noopener\">mreza-mira.net<\/a><\/p>\n","protected":false},"excerpt":{"rendered":"<p>Nakon pro\u0161logodi\u0161nje, prve stru\u010dne konferencije na temu fizi\u010dkog i mentalnog zdravlja \u017eena, koja je izazvala veliki interes za sudjelovanjem, kompanija<\/p>\n","protected":false},"author":1,"featured_media":41122,"comment_status":"closed","ping_status":"open","sticky":false,"template":"","format":"standard","meta":{"om_disable_all_campaigns":false,"_monsterinsights_skip_tracking":false,"_monsterinsights_sitenote_active":false,"_monsterinsights_sitenote_note":"","_monsterinsights_sitenote_category":0,"footnotes":""},"categories":[6],"tags":[13213,1601,814],"class_list":["post-41128","post","type-post","status-publish","format-standard","has-post-thumbnail","hentry","category-dogadjaji","tag-dm-strucna-konferencija","tag-mentalno-zdravlje","tag-zene"],"jetpack_featured_media_url":"https:\/\/www.mladibl.com\/wp-content\/uploads\/2024\/08\/Druga-dm-strucna-konferencija-o-fizickom-i-mentalnom-zdravlju-zena-u-tri-bh.-grada.jpg","amp_enabled":true,"_links":{"self":[{"href":"https:\/\/www.mladibl.com\/index.php?rest_route=\/wp\/v2\/posts\/41128","targetHints":{"allow":["GET"]}}],"collection":[{"href":"https:\/\/www.mladibl.com\/index.php?rest_route=\/wp\/v2\/posts"}],"about":[{"href":"https:\/\/www.mladibl.com\/index.php?rest_route=\/wp\/v2\/types\/post"}],"author":[{"embeddable":true,"href":"https:\/\/www.mladibl.com\/index.php?rest_route=\/wp\/v2\/users\/1"}],"replies":[{"embeddable":true,"href":"https:\/\/www.mladibl.com\/index.php?rest_route=%2Fwp%2Fv2%2Fcomments&post=41128"}],"version-history":[{"count":1,"href":"https:\/\/www.mladibl.com\/index.php?rest_route=\/wp\/v2\/posts\/41128\/revisions"}],"predecessor-version":[{"id":41129,"href":"https:\/\/www.mladibl.com\/index.php?rest_route=\/wp\/v2\/posts\/41128\/revisions\/41129"}],"wp:featuredmedia":[{"embeddable":true,"href":"https:\/\/www.mladibl.com\/index.php?rest_route=\/wp\/v2\/media\/41122"}],"wp:attachment":[{"href":"https:\/\/www.mladibl.com\/index.php?rest_route=%2Fwp%2Fv2%2Fmedia&parent=41128"}],"wp:term":[{"taxonomy":"category","embeddable":true,"href":"https:\/\/www.mladibl.com\/index.php?rest_route=%2Fwp%2Fv2%2Fcategories&post=41128"},{"taxonomy":"post_tag","embeddable":true,"href":"https:\/\/www.mladibl.com\/index.php?rest_route=%2Fwp%2Fv2%2Ftags&post=41128"}],"curies":[{"name":"wp","href":"https:\/\/api.w.org\/{rel}","templated":true}]}}