{"id":4098,"date":"2020-11-13T11:48:41","date_gmt":"2020-11-13T09:48:41","guid":{"rendered":"http:\/\/www.mladibl.com\/?p=4098"},"modified":"2020-11-13T12:06:45","modified_gmt":"2020-11-13T10:06:45","slug":"odrzan-forum-mladih-kandidata-za-odbornike-u-skupstini-grada-banjaluke","status":"publish","type":"post","link":"https:\/\/www.mladibl.com\/?p=4098","title":{"rendered":"Odr\u017ean Forum mladih kandidata za odbornike u Skup\u0161tini grada Banjaluke"},"content":{"rendered":"\n<p>U banjalu\u010dkom Domu omladine u srijedu 11. novembra odr\u017ean je \u201cForum mladih kandidata za odbornike u Skup\u0161tini grada Banjaluke\u201d, u kojem su gra\u0111ani mogli postavljati pitanja mladim politi\u010darima\/kama. Organizator doga\u0111aja je Agencija za razvoj i saradnju CEREBRA Banja Luka. <\/p>\n\n\n\n<p>Doga\u0111aj je imao za cilj upoznavanje javnosti sa planovima i programima politi\u010dkih partija i njihovih mladih kandidata, kao i aktivnosti koje mo\u017eemo o\u010dekivati od budu\u0107ih mladih odbornika. Forum tako\u0111e ima za cilj informisanje i upoznavanje sa potrebama i prioritetima mladih iz na\u0161e lokalne zajednice.<\/p>\n\n\n\n<p>Oblasti koje su imale akcenat na Forumu su bile: mobilnost mladih, obrazovanje, informisanje i u\u010de\u0161\u0107e mladih, zapo\u0161ljavanje, turizam i druge teme zna\u010dajne za mlade.<\/p>\n\n\n\n<p>U\u010desnici foruma su bili Milomir Mu\u010dalovi\u0107 (Narodni pokret Banjaluka zove), Sa\u0161a Peji\u0107 (SPS), Marko Smiljani\u0107 (NDP) i Anja Ljubojevi\u0107 (SNSD). Oni su odgovarali na pitanja moderatorice doga\u0111aja Bojane Trnini\u0107, ali i na pitanja postavljena iz publike i pitanja koja su pristizala sa direktnog prenosa putem dru\u0161tvene mre\u017ee Fejsbuk.<\/p>\n\n\n\n<p>\u201eOvih dana svjedo\u010dimo izbornu kampanju i idemo u susret Lokalnim izborima 2020. te smo do\u0161li na ideju organizovanja \u201eForuma mladih kandidata za odbornike u Skup\u0161tini grada Banjaluke\u201c. Htjeli smo \u010duti njihov glas i viziju o budu\u0107nosti mladih ljudi koji misle ostajati i opstajati u gradu Banjaluci. Forumom je bila pru\u017eena \u0161ansa svim mladim kandidatima iz svih politi\u010dkih partija koje su na listama imali mlade ljude da se predstave gra\u0111anima i da ih upoznaju sa promjenama koje donose ukoliko budu izabrani. Na kraju, iskoristi\u0107u priliku da se zahvalim kandidatima koji su u\u010destvovali na Forumu, sa \u017eeljom da doga\u0111aj kao \u0161to je ovaj pre\u0111e u korisnu tradiciju.\u201c &#8211; rekla je Dragana Despi\u0107 koordinatorica doga\u0111aja.<\/p>\n\n\n\n<p>Dajana Ajder koja je tako\u0111e koordinatorica doga\u0111aja isti\u010de \u2013 \u201eMladi su resursi inovacija, nade na\u0161e budu\u0107nosti i neko ko igra va\u017enu ulogu u oblikovanju dru\u0161tva. Potreba za prepoznavanjem problema i prepreka sa kojima se mladi suo\u010davaju i pronala\u017eenjem mogu\u0107ih rje\u0161enja istih postaje sve ve\u0107a. Upravo je iz toga razloga osmi\u0161ljen Forum mladih kandidata, odnosno da vidimo na koji na\u010din \u0107e mladi odbornici ukoliko budu izabrani djelovati u korist svih mladih ljudi na\u0161eg grada.\u201c<\/p>\n\n\n\n<p>Za one koji nisu mogli u\u017eivo prisustvovati doga\u0111aju ili u\u017eivo prikazivanju na dru\u0161tvenim mre\u017eama, snimak je dostupan na zvani\u010dnoj Fejsbuk stranici i mo\u017eete pogledati na <strong><a href=\"https:\/\/fb.watch\/1K4VE0FPpB\/\" target=\"_blank\" rel=\"noreferrer noopener\" aria-label=\"ovome linku (opens in a new tab)\">ovome linku<\/a><\/strong>.<\/p>\n\n\n\n<p>Forum mladih kandidata zami\u0161ljen je kao javna debata i diskusija te prostor za izra\u017eavanje slobodnog mi\u0161ljenja i stavova, promociju i afirmisanje mladih predstavnika politi\u010dkih partija koje u\u010destvuju na Lokalnim izborima za Skup\u0161tinu grada Banjaluka.<\/p>\n\n\n\n<p>Doga\u0111aj se odr\u017eao uz po\u0161tovanje svih epidemiolo\u0161kih mjera i preporuka od strane Instituta za javno zdravstvo.<\/p>\n\n\n\n<p>Preuzeto sa: <a href=\"http:\/\/www.cerebra-ngo.com\/?p=1150\" target=\"_blank\" rel=\"noreferrer noopener\" aria-label=\"CEREBRA NGO (opens in a new tab)\">CEREBRA NGO<\/a><\/p>\n","protected":false},"excerpt":{"rendered":"<p>U banjalu\u010dkom Domu omladine u srijedu 11. novembra odr\u017ean je \u201cForum mladih kandidata za odbornike u Skup\u0161tini grada Banjaluke\u201d, u<\/p>\n","protected":false},"author":1,"featured_media":4099,"comment_status":"closed","ping_status":"open","sticky":false,"template":"","format":"standard","meta":{"om_disable_all_campaigns":false,"_monsterinsights_skip_tracking":false,"_monsterinsights_sitenote_active":false,"_monsterinsights_sitenote_note":"","_monsterinsights_sitenote_category":0,"footnotes":""},"categories":[449],"tags":[53,22,21,1990,1853,471],"class_list":["post-4098","post","type-post","status-publish","format-standard","has-post-thumbnail","hentry","category-organizacije","tag-banja-luka","tag-cerebra","tag-dom-omladine","tag-forum-mladih-kandidata","tag-odbornici","tag-skupstina-grada"],"jetpack_featured_media_url":"https:\/\/www.mladibl.com\/wp-content\/uploads\/2020\/11\/Odr\u017ean-Forum-mladih-kandidata-za-odbornike-u-Skup\u0161tini-grada-Banjaluke.jpg","amp_enabled":true,"_links":{"self":[{"href":"https:\/\/www.mladibl.com\/index.php?rest_route=\/wp\/v2\/posts\/4098","targetHints":{"allow":["GET"]}}],"collection":[{"href":"https:\/\/www.mladibl.com\/index.php?rest_route=\/wp\/v2\/posts"}],"about":[{"href":"https:\/\/www.mladibl.com\/index.php?rest_route=\/wp\/v2\/types\/post"}],"author":[{"embeddable":true,"href":"https:\/\/www.mladibl.com\/index.php?rest_route=\/wp\/v2\/users\/1"}],"replies":[{"embeddable":true,"href":"https:\/\/www.mladibl.com\/index.php?rest_route=%2Fwp%2Fv2%2Fcomments&post=4098"}],"version-history":[{"count":2,"href":"https:\/\/www.mladibl.com\/index.php?rest_route=\/wp\/v2\/posts\/4098\/revisions"}],"predecessor-version":[{"id":4101,"href":"https:\/\/www.mladibl.com\/index.php?rest_route=\/wp\/v2\/posts\/4098\/revisions\/4101"}],"wp:featuredmedia":[{"embeddable":true,"href":"https:\/\/www.mladibl.com\/index.php?rest_route=\/wp\/v2\/media\/4099"}],"wp:attachment":[{"href":"https:\/\/www.mladibl.com\/index.php?rest_route=%2Fwp%2Fv2%2Fmedia&parent=4098"}],"wp:term":[{"taxonomy":"category","embeddable":true,"href":"https:\/\/www.mladibl.com\/index.php?rest_route=%2Fwp%2Fv2%2Fcategories&post=4098"},{"taxonomy":"post_tag","embeddable":true,"href":"https:\/\/www.mladibl.com\/index.php?rest_route=%2Fwp%2Fv2%2Ftags&post=4098"}],"curies":[{"name":"wp","href":"https:\/\/api.w.org\/{rel}","templated":true}]}}