{"id":4043,"date":"2020-11-12T10:57:10","date_gmt":"2020-11-12T08:57:10","guid":{"rendered":"http:\/\/www.mladibl.com\/?p=4043"},"modified":"2020-11-12T10:58:39","modified_gmt":"2020-11-12T08:58:39","slug":"banski-dvor-otvorena-izlozba-tamo-daleko-1914-1918","status":"publish","type":"post","link":"https:\/\/www.mladibl.com\/?p=4043","title":{"rendered":"Banski dvor: Otvorena izlo\u017eba \u201eTamo daleko 1914-1918\u201c"},"content":{"rendered":"\n<p>Povodom 102. godi\u0161njice potpisivanja primirja u Prvom svjetskom  ratu \u2013 11. novembra 1918. godine i u susret 21. novembru kada obilje\u017eavamo Dan oslobo\u0111enja Banje Luke u Prvom svjetskom ratu, u Banskom dvoru je ju\u010de otvorena izlo\u017eba \u201eTamo daleko 1914-1918\u201c, autora Marinka Lugonje, Marka Kentere i Gojka Rai\u010devi\u0107a.<\/p>\n\n\n\n<p>Zamjenik gradona\u010delnika Sr\u0111an Amid\u017ei\u0107, koji je sve\u010dano otvorio izlo\u017ebu, kazao je da je izlo\u017eba rezultat nedavno uspostavljene saradnje izme\u0111u reprezentativnog udru\u017eenja u oblasti kulture \u201eArs Nova\u201c iz Valjeva i Kulturnog centra Banski dvor.<\/p>\n\n\n\n<p>Ova izlo\u017eba bi trebalo da uka\u017ee generacijama koje dolaze koliki je zna\u010daj na\u0161eg istorijskog naslje\u0111a, pogotovo na herojsku borbu na\u0161eg naroda u Prvom svjetskom ratu. To su neprolazne vrijednosti iz na\u0161e pro\u0161losti \u2013 rekao je Amid\u017ei\u0107.<\/p>\n\n\n\n<p>Preuzeto sa: <a href=\"http:\/\/www.banjaluka.rs.ba\/%d0%b1%d0%b0%d0%bd%d1%81%d0%ba%d0%b8-%d0%b4%d0%b2%d0%be%d1%80-%d0%be%d1%82%d0%b2%d0%be%d1%80%d0%b5%d0%bd%d0%b0-%d0%b8%d0%b7%d0%bb%d0%be%d0%b6%d0%b1%d0%b0-%d1%82%d0%b0%d0%bc%d0%be-%d0%b4%d0%b0%d0%bb\/\" target=\"_blank\" rel=\"noreferrer noopener\" aria-label=\"Grad Banja Luka (opens in a new tab)\">Grad Banja Luka<\/a><\/p>\n","protected":false},"excerpt":{"rendered":"<p>Povodom 102. godi\u0161njice potpisivanja primirja u Prvom svjetskom ratu \u2013 11. novembra 1918. godine i u susret 21. novembru kada<\/p>\n","protected":false},"author":1,"featured_media":4046,"comment_status":"closed","ping_status":"open","sticky":false,"template":"","format":"standard","meta":{"om_disable_all_campaigns":false,"_monsterinsights_skip_tracking":false,"_monsterinsights_sitenote_active":false,"_monsterinsights_sitenote_note":"","_monsterinsights_sitenote_category":0,"footnotes":""},"categories":[2],"tags":[53,881,1933,1890,699,1932],"class_list":["post-4043","post","type-post","status-publish","format-standard","has-post-thumbnail","hentry","category-vijesti","tag-banja-luka","tag-banski-dvor","tag-dan-oslobodenja","tag-godisnjica","tag-izlozba","tag-tamo-daleko-1914-1918"],"jetpack_featured_media_url":"https:\/\/www.mladibl.com\/wp-content\/uploads\/2020\/11\/Banski-dvor_-Otvorena-izlo\u017eba-\u201eTamo-daleko-1914-1918\u201c-1.jpg","amp_enabled":true,"_links":{"self":[{"href":"https:\/\/www.mladibl.com\/index.php?rest_route=\/wp\/v2\/posts\/4043","targetHints":{"allow":["GET"]}}],"collection":[{"href":"https:\/\/www.mladibl.com\/index.php?rest_route=\/wp\/v2\/posts"}],"about":[{"href":"https:\/\/www.mladibl.com\/index.php?rest_route=\/wp\/v2\/types\/post"}],"author":[{"embeddable":true,"href":"https:\/\/www.mladibl.com\/index.php?rest_route=\/wp\/v2\/users\/1"}],"replies":[{"embeddable":true,"href":"https:\/\/www.mladibl.com\/index.php?rest_route=%2Fwp%2Fv2%2Fcomments&post=4043"}],"version-history":[{"count":1,"href":"https:\/\/www.mladibl.com\/index.php?rest_route=\/wp\/v2\/posts\/4043\/revisions"}],"predecessor-version":[{"id":4045,"href":"https:\/\/www.mladibl.com\/index.php?rest_route=\/wp\/v2\/posts\/4043\/revisions\/4045"}],"wp:featuredmedia":[{"embeddable":true,"href":"https:\/\/www.mladibl.com\/index.php?rest_route=\/wp\/v2\/media\/4046"}],"wp:attachment":[{"href":"https:\/\/www.mladibl.com\/index.php?rest_route=%2Fwp%2Fv2%2Fmedia&parent=4043"}],"wp:term":[{"taxonomy":"category","embeddable":true,"href":"https:\/\/www.mladibl.com\/index.php?rest_route=%2Fwp%2Fv2%2Fcategories&post=4043"},{"taxonomy":"post_tag","embeddable":true,"href":"https:\/\/www.mladibl.com\/index.php?rest_route=%2Fwp%2Fv2%2Ftags&post=4043"}],"curies":[{"name":"wp","href":"https:\/\/api.w.org\/{rel}","templated":true}]}}