{"id":40102,"date":"2024-06-13T00:47:37","date_gmt":"2024-06-12T22:47:37","guid":{"rendered":"https:\/\/www.mladibl.com\/?p=40102"},"modified":"2024-06-13T00:59:31","modified_gmt":"2024-06-12T22:59:31","slug":"javni-poziv-za-ucesce-u-radionici-ljetna-skola-filma","status":"publish","type":"post","link":"https:\/\/www.mladibl.com\/?p=40102","title":{"rendered":"Javni poziv za u\u010de\u0161\u0107e u radionici &#8220;Ljetna \u0161kola filma&#8221;"},"content":{"rendered":"\n<p>\ud83c\udfacAudio-vizuelni centar Republike Srpske poziva sve zainteresovane srednjo\u0161kolce iz Republike Srpske da se prijave za u\u010de\u0161\u0107e u radionici \u201eLJetna \u0161kola filma&#8221;.&#8221;LJetna \u0161kola filma\u201c je desetodnevna radionica , koja \u0107e se odr\u017eati od 19. do 29. avgusta 2024. godine, u Banjoj Luci u sklopu univerzitetskog kampusa. Radionica se organizuje u saradnji sa Akademijom umjetnosti u Banjoj Luci.<\/p>\n\n\n\n<p>\ud83d\udcccU\u010desnici \u0107e imati priliku da pro\u0111u kreativni proces od ideje do premijere, a rezultat radionice \u201eLJetna \u0161kola filma\u201c \u0107e biti zajedni\u010dki snimljen film.<\/p>\n\n\n\n<p>Cilj je upoznavanje srednjo\u0161kolaca Republike Srpske sa audio-vizuelnim djelatnostima kroz teoretski i prakti\u010dni pristup.<\/p>\n\n\n\n<p>\ud83d\udd34Javni konkurs u kojem su navedeni uslovi u\u010de\u0161\u0107a mo\u017eete prona\u0107i na linku u opisu profila ili na internet stranici ovog Centra (www.avcrs.com)<\/p>\n\n\n\n<p>Prijave na Javni poziv se mogu slati do 18. juna 2024. godine do 24.00 \u010dasa.<\/p>\n\n\n\n<p>Odluku o izboru u\u010desnika radionice \u201eLJetne \u0161kole filma\u201c donosi stru\u010dni \u017eiri, a ukupno \u0107e biti izabrano 25 u\u010desnika.<\/p>\n\n\n\n<p>Rezultati Javnog poziva \u0107e biti objavljeni najkasnije do 1. jula 2024. godine na internet stranici Centra, a primljeni u\u010desnici \u0107e biti obavije\u0161teni putem imejla.<\/p>\n\n\n\n<p>\ud83d\udcccU\u010desnici se prijavljuju za u\u010de\u0161\u0107e na \u201eLJetnu \u0161kolu filma\u201c putem prijavnog formulara koji se nalazi na internet stranici Centra www.avcrs.com (na linku: <strong><a href=\"https:\/\/forms.gle\/b66rCi6uTaqeCzaQ9\" target=\"_blank\" rel=\"noreferrer noopener\">https:\/\/forms.gle\/b66rCi6uTaqeCzaQ9<\/a><\/strong>)<\/p>\n\n\n\n<p>Slanje Prijave mogu\u0107e je isklju\u010divo elektronskim putem u okviri formulara, s tim da se radovi \u010dije slanje u okviru Prijave putem formulara nije mogu\u0107e usljed tehni\u010dkih razloga (npr. veli\u010dina datoteke) izuzetno mogu poslati putem wetransfer linka na imejl Centra <strong><a href=\"mailto:info@avcrs.com\" target=\"_blank\" rel=\"noreferrer noopener\">info@avcrs.com<\/a><\/strong>.<\/p>\n\n\n\n<p>Za sve u\u010desnike radionice \u201eLJetna \u0161kola filma\u201c bi\u0107e obezbije\u0111ena hrana za vrijeme trajanja radionice, a za one koji nisu iz Banje Luke bi\u0107e obezbije\u0111en smje\u0161taj.<\/p>\n\n\n\n<p>Dodatne informacije u vezi sa Javnim pozivom mogu se dobiti isklju\u010divo elektronskim putem, slanjem upita na imejl-adresu info@avcrs.com.<\/p>\n\n\n\n<p>Preuzeto sa: <a href=\"https:\/\/www.instagram.com\/p\/C7v56j-tViC\/\" target=\"_blank\" rel=\"noreferrer noopener\">Instagram<\/a><\/p>\n","protected":false},"excerpt":{"rendered":"<p>\ud83c\udfacAudio-vizuelni centar Republike Srpske poziva sve zainteresovane srednjo\u0161kolce iz Republike Srpske da se prijave za u\u010de\u0161\u0107e u radionici \u201eLJetna \u0161kola<\/p>\n","protected":false},"author":1,"featured_media":40087,"comment_status":"closed","ping_status":"open","sticky":false,"template":"","format":"standard","meta":{"om_disable_all_campaigns":false,"_monsterinsights_skip_tracking":false,"_monsterinsights_sitenote_active":false,"_monsterinsights_sitenote_note":"","_monsterinsights_sitenote_category":0,"footnotes":""},"categories":[4,8692],"tags":[11737,23],"class_list":["post-40102","post","type-post","status-publish","format-standard","has-post-thumbnail","hentry","category-edukacija","category-izdvajamo","tag-ljetna-skola-filma","tag-radionica"],"jetpack_featured_media_url":"https:\/\/www.mladibl.com\/wp-content\/uploads\/2024\/06\/Audio-vizuelni-centar-RS.jpg","amp_enabled":true,"_links":{"self":[{"href":"https:\/\/www.mladibl.com\/index.php?rest_route=\/wp\/v2\/posts\/40102","targetHints":{"allow":["GET"]}}],"collection":[{"href":"https:\/\/www.mladibl.com\/index.php?rest_route=\/wp\/v2\/posts"}],"about":[{"href":"https:\/\/www.mladibl.com\/index.php?rest_route=\/wp\/v2\/types\/post"}],"author":[{"embeddable":true,"href":"https:\/\/www.mladibl.com\/index.php?rest_route=\/wp\/v2\/users\/1"}],"replies":[{"embeddable":true,"href":"https:\/\/www.mladibl.com\/index.php?rest_route=%2Fwp%2Fv2%2Fcomments&post=40102"}],"version-history":[{"count":1,"href":"https:\/\/www.mladibl.com\/index.php?rest_route=\/wp\/v2\/posts\/40102\/revisions"}],"predecessor-version":[{"id":40103,"href":"https:\/\/www.mladibl.com\/index.php?rest_route=\/wp\/v2\/posts\/40102\/revisions\/40103"}],"wp:featuredmedia":[{"embeddable":true,"href":"https:\/\/www.mladibl.com\/index.php?rest_route=\/wp\/v2\/media\/40087"}],"wp:attachment":[{"href":"https:\/\/www.mladibl.com\/index.php?rest_route=%2Fwp%2Fv2%2Fmedia&parent=40102"}],"wp:term":[{"taxonomy":"category","embeddable":true,"href":"https:\/\/www.mladibl.com\/index.php?rest_route=%2Fwp%2Fv2%2Fcategories&post=40102"},{"taxonomy":"post_tag","embeddable":true,"href":"https:\/\/www.mladibl.com\/index.php?rest_route=%2Fwp%2Fv2%2Ftags&post=40102"}],"curies":[{"name":"wp","href":"https:\/\/api.w.org\/{rel}","templated":true}]}}