{"id":39981,"date":"2024-06-09T20:56:56","date_gmt":"2024-06-09T18:56:56","guid":{"rendered":"https:\/\/www.mladibl.com\/?p=39981"},"modified":"2024-06-09T20:57:02","modified_gmt":"2024-06-09T18:57:02","slug":"ponedjeljak-u-banskom-dvoru-koncert-gitariste-borisa-popovica","status":"publish","type":"post","link":"https:\/\/www.mladibl.com\/?p=39981","title":{"rendered":"Ponedjeljak u Banskom dvoru: Koncert gitariste Borisa Popovi\u0107a"},"content":{"rendered":"\n<p>U Koncertnoj dvorani Kulturnog centra Banski dvor u ponedjeljak, 10. juna u 20.00 \u010dasova bi\u0107e odr\u017ean koncert mladog i talentovanog gitariste Borisa Popovi\u0107a.<\/p>\n\n\n\n<p>-Boris Popovi\u0107 je ro\u0111en 2000. godine u Banjoj Luci. Srednjo\u0161kolsko obrazovanje sti\u010de u Muzi\u010dkoj \u0161koli \u201eVlado Milo\u0161evi\u0107\u201c u Banjoj Luci, klasa profesorice Ljiljane Mili\u0107 u \u010dijoj je klasi zavr\u0161io i Osnovnu muzi\u010dku \u0161kolu. Nakon zavr\u0161ene srednje muzi\u010dke \u0161kole u Banjoj Luci, \u0161kolovanje nastavlja na Fakultetu muzi\u010dke umetnosti u Beogradu, studijski program \u2013 Izvo\u0111a\u010dke umetnosti, modul: Gitara u klasi redovnog profesora Sr\u0111ana To\u0161i\u0107a. Osnovne studije zavr\u0161ava 2023.godine sa prosjekom ocjena (9,67) nakon kojih nastavlja \u0161kolovanje na master studijama na Fakultetu muzi\u010dke umetnosti u Beogradu, studijski program \u2013 Izvo\u0111a\u010dke umetnosti- gitara \u2013 navedeno je u saop\u0161tenju.<\/p>\n\n\n\n<p>Dodaju i to kako je u\u010destvovao na preko deset republi\u010dkih i me\u0111unarodnih takmi\u010denja na kojima je ostvario zapa\u017eene rezultate.<\/p>\n\n\n\n<p>Besplatne pozivnice mogu se preuzeti na biletarnici Banskog dvora od srijede 5. juna svakim radnim danom osim vikenom u periodu od 12.00 do 18.00 \u010dasova.<\/p>\n\n\n\n<p>Preuzeto sa: <a href=\"https:\/\/www.banjaluka.rs.ba\/ponedjeljak-u-banskom-dvoru-koncert-gitariste-borisa-popovica\/\" target=\"_blank\" rel=\"noreferrer noopener\">Grad Banja Luka<\/a><\/p>\n","protected":false},"excerpt":{"rendered":"<p>U Koncertnoj dvorani Kulturnog centra Banski dvor u ponedjeljak, 10. juna u 20.00 \u010dasova bi\u0107e odr\u017ean koncert mladog i talentovanog<\/p>\n","protected":false},"author":1,"featured_media":39991,"comment_status":"closed","ping_status":"open","sticky":false,"template":"","format":"standard","meta":{"om_disable_all_campaigns":false,"_monsterinsights_skip_tracking":false,"_monsterinsights_sitenote_active":false,"_monsterinsights_sitenote_note":"","_monsterinsights_sitenote_category":0,"footnotes":""},"categories":[2],"tags":[881,13020,3536],"class_list":["post-39981","post","type-post","status-publish","format-standard","has-post-thumbnail","hentry","category-vijesti","tag-banski-dvor","tag-boris-popovic","tag-koncert"],"jetpack_featured_media_url":"https:\/\/www.mladibl.com\/wp-content\/uploads\/2024\/06\/Ponedjeljak-u-Banskom-dvoru-Koncert-gitariste-Borisa-Popovica.jpg","amp_enabled":true,"_links":{"self":[{"href":"https:\/\/www.mladibl.com\/index.php?rest_route=\/wp\/v2\/posts\/39981","targetHints":{"allow":["GET"]}}],"collection":[{"href":"https:\/\/www.mladibl.com\/index.php?rest_route=\/wp\/v2\/posts"}],"about":[{"href":"https:\/\/www.mladibl.com\/index.php?rest_route=\/wp\/v2\/types\/post"}],"author":[{"embeddable":true,"href":"https:\/\/www.mladibl.com\/index.php?rest_route=\/wp\/v2\/users\/1"}],"replies":[{"embeddable":true,"href":"https:\/\/www.mladibl.com\/index.php?rest_route=%2Fwp%2Fv2%2Fcomments&post=39981"}],"version-history":[{"count":1,"href":"https:\/\/www.mladibl.com\/index.php?rest_route=\/wp\/v2\/posts\/39981\/revisions"}],"predecessor-version":[{"id":39992,"href":"https:\/\/www.mladibl.com\/index.php?rest_route=\/wp\/v2\/posts\/39981\/revisions\/39992"}],"wp:featuredmedia":[{"embeddable":true,"href":"https:\/\/www.mladibl.com\/index.php?rest_route=\/wp\/v2\/media\/39991"}],"wp:attachment":[{"href":"https:\/\/www.mladibl.com\/index.php?rest_route=%2Fwp%2Fv2%2Fmedia&parent=39981"}],"wp:term":[{"taxonomy":"category","embeddable":true,"href":"https:\/\/www.mladibl.com\/index.php?rest_route=%2Fwp%2Fv2%2Fcategories&post=39981"},{"taxonomy":"post_tag","embeddable":true,"href":"https:\/\/www.mladibl.com\/index.php?rest_route=%2Fwp%2Fv2%2Ftags&post=39981"}],"curies":[{"name":"wp","href":"https:\/\/api.w.org\/{rel}","templated":true}]}}