{"id":39962,"date":"2024-06-06T23:51:50","date_gmt":"2024-06-06T21:51:50","guid":{"rendered":"https:\/\/www.mladibl.com\/?p=39962"},"modified":"2024-06-06T23:51:56","modified_gmt":"2024-06-06T21:51:56","slug":"u-nedjelju-pridruzite-se-velikoj-banjaluckoj-biciklijadi","status":"publish","type":"post","link":"https:\/\/www.mladibl.com\/?p=39962","title":{"rendered":"U nedjelju: Pridru\u017eite se velikoj Banjalu\u010dkoj biciklijadi"},"content":{"rendered":"\n<p>\u010cetvrto po redu izdanje velike \u201eBanjalu\u010dke biciklijade\u201c pod sloganom \u201eSvi na bicikle\u201c bi\u0107e odr\u017eano u nedjelju, 9. juna sa po\u010detkom u 12.00 \u010dasova na platou ispred multifunkcionalne arene u Parku \u201eMladen Stojanovi\u0107\u201c.<\/p>\n\n\n\n<p>Organizatori najavljuju kako i ove godine sjajnu zabavu.<\/p>\n\n\n\n<p>-Bibendum vas poziva na 4. izdanje Velike banjalu\u010dke biciklijade. Zabavimo se uz \u201etrku pu\u017eeva\u201c za djecu, zajedni\u010dki vo\u017enju kroz grad i vrijedne nagrade. Glavna nagrada je bicikl \u2013 kazali su organizatori.<\/p>\n\n\n\n<p>Poru\u010duju i to kako je ova biciklijada ujedno i najava za ovogodi\u0161nje izdanje presti\u017enog biciklisti\u010dkog ultramaratona B-HARD Ultra Race &amp; Brevet, a koja \u0107e biti odr\u017eana u organizaciji UG \u201eCentar za bolji kvalitet \u017eivota\u201c.<\/p>\n\n\n\n<p>Grad Banja Luka je podr\u017eao ovaj doga\u0111aj.<\/p>\n\n\n\n<p>Preuzeto sa: <a href=\"https:\/\/www.banjaluka.rs.ba\/u-nedjelju-pridruzite-se-velikoj-banjaluckoj-biciklijadi\/?sr_pismo=lat\" target=\"_blank\" rel=\"noreferrer noopener\">Grad Banja Luka<\/a><\/p>\n","protected":false},"excerpt":{"rendered":"<p>\u010cetvrto po redu izdanje velike \u201eBanjalu\u010dke biciklijade\u201c pod sloganom \u201eSvi na bicikle\u201c bi\u0107e odr\u017eano u nedjelju, 9. juna sa po\u010detkom<\/p>\n","protected":false},"author":1,"featured_media":39959,"comment_status":"closed","ping_status":"open","sticky":false,"template":"","format":"standard","meta":{"om_disable_all_campaigns":false,"_monsterinsights_skip_tracking":false,"_monsterinsights_sitenote_active":false,"_monsterinsights_sitenote_note":"","_monsterinsights_sitenote_category":0,"footnotes":""},"categories":[2],"tags":[9461],"class_list":["post-39962","post","type-post","status-publish","format-standard","has-post-thumbnail","hentry","category-vijesti","tag-banjalucka-biciklijada"],"jetpack_featured_media_url":"https:\/\/www.mladibl.com\/wp-content\/uploads\/2024\/06\/U-nedjelju-Pridruzite-se-velikoj-Banjaluckoj-biciklijadi.jpg","amp_enabled":true,"_links":{"self":[{"href":"https:\/\/www.mladibl.com\/index.php?rest_route=\/wp\/v2\/posts\/39962","targetHints":{"allow":["GET"]}}],"collection":[{"href":"https:\/\/www.mladibl.com\/index.php?rest_route=\/wp\/v2\/posts"}],"about":[{"href":"https:\/\/www.mladibl.com\/index.php?rest_route=\/wp\/v2\/types\/post"}],"author":[{"embeddable":true,"href":"https:\/\/www.mladibl.com\/index.php?rest_route=\/wp\/v2\/users\/1"}],"replies":[{"embeddable":true,"href":"https:\/\/www.mladibl.com\/index.php?rest_route=%2Fwp%2Fv2%2Fcomments&post=39962"}],"version-history":[{"count":1,"href":"https:\/\/www.mladibl.com\/index.php?rest_route=\/wp\/v2\/posts\/39962\/revisions"}],"predecessor-version":[{"id":39963,"href":"https:\/\/www.mladibl.com\/index.php?rest_route=\/wp\/v2\/posts\/39962\/revisions\/39963"}],"wp:featuredmedia":[{"embeddable":true,"href":"https:\/\/www.mladibl.com\/index.php?rest_route=\/wp\/v2\/media\/39959"}],"wp:attachment":[{"href":"https:\/\/www.mladibl.com\/index.php?rest_route=%2Fwp%2Fv2%2Fmedia&parent=39962"}],"wp:term":[{"taxonomy":"category","embeddable":true,"href":"https:\/\/www.mladibl.com\/index.php?rest_route=%2Fwp%2Fv2%2Fcategories&post=39962"},{"taxonomy":"post_tag","embeddable":true,"href":"https:\/\/www.mladibl.com\/index.php?rest_route=%2Fwp%2Fv2%2Ftags&post=39962"}],"curies":[{"name":"wp","href":"https:\/\/api.w.org\/{rel}","templated":true}]}}