{"id":39950,"date":"2024-06-06T23:50:24","date_gmt":"2024-06-06T21:50:24","guid":{"rendered":"https:\/\/www.mladibl.com\/?p=39950"},"modified":"2024-06-06T23:50:29","modified_gmt":"2024-06-06T21:50:29","slug":"otvaranje-trotoarta-fantasticna-atmosfera-vladace-na-ulicama-banje-luke","status":"publish","type":"post","link":"https:\/\/www.mladibl.com\/?p=39950","title":{"rendered":"Otvaranje Trotoarta: Fantasti\u010dna atmosfera vlada\u0107e na ulicama Banje Luke"},"content":{"rendered":"\n<p>Festival uli\u010dnih zabavlja\u010da \u201eTrotoart\u201c svoja vrata za sve posjetioce otvori\u0107e sutra, 7. juna u Parku \u201ePetar Ko\u010di\u0107\u201c, a sve\u010dano otvaranje planirano je za 19.00 \u010dasova, te su svi sugra\u0111ani pozvnani da se pridru\u017ee jo\u0161 jednom spektaklu na ulicama na\u0161eg grada.<\/p>\n\n\n\n<p>Oko 350 umjetnika na ulicama Banje Luke bi\u0107e raspore\u0111eni u \u010dak 36 grupa i individulanih izvo\u0111a\u010da.<\/p>\n\n\n\n<p>Naime, u doma\u0107em programu o\u010dekuje nas 220 u\u010desnika, u dje\u010dijem 115, dok \u0107e biti ukupno 17 u\u010desnika u me\u0111unarodnom programu.<\/p>\n\n\n\n<p>Kada je rije\u010d o me\u0111unarodnom programu ovogodi\u0161njeg festivala, nastupi\u0107e \u201eHaos animatori\u201c, koji su ve\u0107 poznati doma\u0107oj publici, a njihov nastup predvi\u0111en je u okviru programa otvaranja.<\/p>\n\n\n\n<p>Tako\u0111e, u programu otvaranja \u0107e nastupiti grupa \u201cElementz Art\u201d sa ta\u010dkom \u201cSway Poles\u201d \u2013 atrakcija \u201cple\u0161u\u0107i cjetovi\u201d i koreografija koju izvodi dvoje umjetnika na velikim pokretnim cvjetovima visine preko \u0161est metara.<\/p>\n\n\n\n<p>Ova grupa dolazi iz Milana i nastupi\u0107e u okviru otvaranja u Parku \u201ePetar Ko\u010di\u0107\u201c, te na istom mjestu \u0107e nastupiti i u subotu sa po\u010detkom u 19.00 \u010dasova.<\/p>\n\n\n\n<p>Festival uli\u010dnih zabavlja\u010da \u201eTrotoart\u201c \u0107e ove godine u\u010diniti nesvakida\u0161njim i dvije me\u0111unarodne grupe i to \u2013 Latin Duo\u201d iz Argentine i Perua i Clap Clap Circo\u201d iz Urugvaja i Argentine.<\/p>\n\n\n\n<p>Oni \u0107e nastupati tokom sva tri festivalska dana, a njihov uli\u010dni \u0161ou \u0107ete prona\u0107i u programu festivala pod nazivom \u201cBorska\u201d i \u201cKoncert koji je postao nekoncert\u201d.<\/p>\n\n\n\n<p>Petak i subota, 7. i 8. jun, Gospodsku ulicu \u0107e zauzeti \u017eive statue.<\/p>\n\n\n\n<p>Grupa \u201cTeatrosk\u201d iz Skolja \u0107e se predstaviti sa pet aktova, a ono \u0161to je posebno va\u017eno, jeste da \u0107e im se pridu\u017eiti i \u0161est Banjalu\u010dana koji su proteklih dana poha\u0111ali radionicu pantomime i uli\u010dnog teatra.<\/p>\n\n\n\n<p>Radionica je bila dio programa ovogodi\u0161njeg \u201cTrotoarta\u201d, a Banja Luka je sa ovim dobila svoje prve, doma\u0107e, \u017eive statue.<\/p>\n\n\n\n<p>Pored svih njih, u tri festivalska dana nasta\u0107e i jedno umjetni\u010dko djelo u oblasti uli\u010dne umjetnsoti.<\/p>\n\n\n\n<p>Naime, Lena Ugren, umjetnica koja \u017eivi i radi u \u010cikagu,a porijeklom je iz Banje Luke, oslika\u0107e mural na zidu kod nekada\u0161nje \u201cBa\u0161te sljezove boje\u201d u Ulici kralja Alfonsa XIII.<\/p>\n\n\n\n<p>Ova aktivnost se realizuje uz podr\u0161ku Ambasade Sjedinjenih Ameri\u010dkih Dr\u017eava u BiH.<\/p>\n\n\n\n<p>Festival uli\u010dnih zabavlja\u010da \u201eTrotoart\u201c bi\u0107e odr\u017ean u Banjoj Luci u periodu od 7. do 9. juna du\u017e \u0161etali\u0161ne zone u u\u017eem centru grada, a kompletan program pogledajte <a href=\"https:\/\/www.banjaluka.rs.ba\/trotoart-donosi-atraktivne-sadrzaje\/\">ovdje.&nbsp;<\/a><\/p>\n\n\n\n<p>Organizatori festivala su Grad Banja Luka i Gradski tambura\u0161ki orkestar.<\/p>\n\n\n\n<p>Preuzeto sa: <a href=\"https:\/\/www.banjaluka.rs.ba\/sutra-otvaranje-trotoarta-fantasticna-atmosfera-vladace-na-ulicama-banje-luke\/\" target=\"_blank\" rel=\"noreferrer noopener\">Grad Banja Luka<\/a><\/p>\n","protected":false},"excerpt":{"rendered":"<p>Festival uli\u010dnih zabavlja\u010da \u201eTrotoart\u201c svoja vrata za sve posjetioce otvori\u0107e sutra, 7. juna u Parku \u201ePetar Ko\u010di\u0107\u201c, a sve\u010dano otvaranje<\/p>\n","protected":false},"author":1,"featured_media":39960,"comment_status":"closed","ping_status":"open","sticky":false,"template":"","format":"standard","meta":{"om_disable_all_campaigns":false,"_monsterinsights_skip_tracking":false,"_monsterinsights_sitenote_active":false,"_monsterinsights_sitenote_note":"","_monsterinsights_sitenote_category":0,"footnotes":""},"categories":[2],"tags":[707,4162,8411],"class_list":["post-39950","post","type-post","status-publish","format-standard","has-post-thumbnail","hentry","category-vijesti","tag-festival","tag-otvaranje","tag-trotoart"],"jetpack_featured_media_url":"https:\/\/www.mladibl.com\/wp-content\/uploads\/2024\/06\/otvaranje-Trotoarta-Fantasticna-atmosfera-vladace-na-ulicama-Banje-Luke.jpg","amp_enabled":true,"_links":{"self":[{"href":"https:\/\/www.mladibl.com\/index.php?rest_route=\/wp\/v2\/posts\/39950","targetHints":{"allow":["GET"]}}],"collection":[{"href":"https:\/\/www.mladibl.com\/index.php?rest_route=\/wp\/v2\/posts"}],"about":[{"href":"https:\/\/www.mladibl.com\/index.php?rest_route=\/wp\/v2\/types\/post"}],"author":[{"embeddable":true,"href":"https:\/\/www.mladibl.com\/index.php?rest_route=\/wp\/v2\/users\/1"}],"replies":[{"embeddable":true,"href":"https:\/\/www.mladibl.com\/index.php?rest_route=%2Fwp%2Fv2%2Fcomments&post=39950"}],"version-history":[{"count":1,"href":"https:\/\/www.mladibl.com\/index.php?rest_route=\/wp\/v2\/posts\/39950\/revisions"}],"predecessor-version":[{"id":39961,"href":"https:\/\/www.mladibl.com\/index.php?rest_route=\/wp\/v2\/posts\/39950\/revisions\/39961"}],"wp:featuredmedia":[{"embeddable":true,"href":"https:\/\/www.mladibl.com\/index.php?rest_route=\/wp\/v2\/media\/39960"}],"wp:attachment":[{"href":"https:\/\/www.mladibl.com\/index.php?rest_route=%2Fwp%2Fv2%2Fmedia&parent=39950"}],"wp:term":[{"taxonomy":"category","embeddable":true,"href":"https:\/\/www.mladibl.com\/index.php?rest_route=%2Fwp%2Fv2%2Fcategories&post=39950"},{"taxonomy":"post_tag","embeddable":true,"href":"https:\/\/www.mladibl.com\/index.php?rest_route=%2Fwp%2Fv2%2Ftags&post=39950"}],"curies":[{"name":"wp","href":"https:\/\/api.w.org\/{rel}","templated":true}]}}