{"id":39923,"date":"2024-06-06T10:53:45","date_gmt":"2024-06-06T08:53:45","guid":{"rendered":"https:\/\/www.mladibl.com\/?p=39923"},"modified":"2024-06-06T10:53:51","modified_gmt":"2024-06-06T08:53:51","slug":"pocinje-sezona-u-vodenom-parku-akvana","status":"publish","type":"post","link":"https:\/\/www.mladibl.com\/?p=39923","title":{"rendered":"Po\u010dinje sezona u vodenom parku \u201eAkvana\u201c"},"content":{"rendered":"\n<p>Sezona u vodenom parku \u201eAkvana\u201c po\u010dinje danas, saop\u0161teno je iz ovog preduze\u0107a.<\/p>\n\n\n\n<p>-Vodeni park \u201eAkvana\u201c po\u010dinje sa radom danas, u \u010detvrtak 6. juna i otvara vrata za posjetioce. Prema najavama meteorologa, narednih dana nas o\u010dekuju prave ljetne temperature a najbolji spas od vru\u0107ina je svakako \u2013 Vodeni park \u201eAkvana\u201c \u2013 navedeno je u saop\u0161tenju.<\/p>\n\n\n\n<p>Podsje\u0107amo,&nbsp;<a href=\"https:\/\/www.banjaluka.rs.ba\/akvana-pretprodaja-sezonskih-ulaznica-produzena-do-5-juna\/\">pretprodaja sezonskih ulaznica za ljetnu sezonu na vodenom parku \u201eAkvana\u201c produ\u017eena je do 5. juna<\/a>, tako da svi zainteresovani jo\u0161 danas mogu iskoristiti priliku da kupe ulaznice po akcijskim cijenama.<\/p>\n\n\n\n<p>Preuzeto sa: <a href=\"https:\/\/www.banjaluka.rs.ba\/sutra-pocinje-sezona-u-vodenom-parku-akvana\/?sr_pismo=lat\" target=\"_blank\" rel=\"noreferrer noopener\">Grad Banja Luka<\/a><\/p>\n","protected":false},"excerpt":{"rendered":"<p>Sezona u vodenom parku \u201eAkvana\u201c po\u010dinje danas, saop\u0161teno je iz ovog preduze\u0107a. -Vodeni park \u201eAkvana\u201c po\u010dinje sa radom danas, u<\/p>\n","protected":false},"author":1,"featured_media":39924,"comment_status":"closed","ping_status":"open","sticky":false,"template":"","format":"standard","meta":{"om_disable_all_campaigns":false,"_monsterinsights_skip_tracking":false,"_monsterinsights_sitenote_active":false,"_monsterinsights_sitenote_note":"","_monsterinsights_sitenote_category":0,"footnotes":""},"categories":[2],"tags":[2948,3284,4720],"class_list":["post-39923","post","type-post","status-publish","format-standard","has-post-thumbnail","hentry","category-vijesti","tag-akvana","tag-sezona","tag-vodeni-park"],"jetpack_featured_media_url":"https:\/\/www.mladibl.com\/wp-content\/uploads\/2024\/06\/pocinje-sezona-u-vodenom-parku-\u201eAkvana.jpg","amp_enabled":true,"_links":{"self":[{"href":"https:\/\/www.mladibl.com\/index.php?rest_route=\/wp\/v2\/posts\/39923","targetHints":{"allow":["GET"]}}],"collection":[{"href":"https:\/\/www.mladibl.com\/index.php?rest_route=\/wp\/v2\/posts"}],"about":[{"href":"https:\/\/www.mladibl.com\/index.php?rest_route=\/wp\/v2\/types\/post"}],"author":[{"embeddable":true,"href":"https:\/\/www.mladibl.com\/index.php?rest_route=\/wp\/v2\/users\/1"}],"replies":[{"embeddable":true,"href":"https:\/\/www.mladibl.com\/index.php?rest_route=%2Fwp%2Fv2%2Fcomments&post=39923"}],"version-history":[{"count":1,"href":"https:\/\/www.mladibl.com\/index.php?rest_route=\/wp\/v2\/posts\/39923\/revisions"}],"predecessor-version":[{"id":39931,"href":"https:\/\/www.mladibl.com\/index.php?rest_route=\/wp\/v2\/posts\/39923\/revisions\/39931"}],"wp:featuredmedia":[{"embeddable":true,"href":"https:\/\/www.mladibl.com\/index.php?rest_route=\/wp\/v2\/media\/39924"}],"wp:attachment":[{"href":"https:\/\/www.mladibl.com\/index.php?rest_route=%2Fwp%2Fv2%2Fmedia&parent=39923"}],"wp:term":[{"taxonomy":"category","embeddable":true,"href":"https:\/\/www.mladibl.com\/index.php?rest_route=%2Fwp%2Fv2%2Fcategories&post=39923"},{"taxonomy":"post_tag","embeddable":true,"href":"https:\/\/www.mladibl.com\/index.php?rest_route=%2Fwp%2Fv2%2Ftags&post=39923"}],"curies":[{"name":"wp","href":"https:\/\/api.w.org\/{rel}","templated":true}]}}