{"id":39650,"date":"2024-05-20T10:21:20","date_gmt":"2024-05-20T08:21:20","guid":{"rendered":"https:\/\/www.mladibl.com\/?p=39650"},"modified":"2024-05-20T10:21:25","modified_gmt":"2024-05-20T08:21:25","slug":"vrijedni-studenti-iz-banjaluke-betonsku-povrsinu-pretvorili-u-zeleni-park","status":"publish","type":"post","link":"https:\/\/www.mladibl.com\/?p=39650","title":{"rendered":"Vrijedni studenti iz Banjaluke betonsku povr\u0161inu pretvorili u zeleni park"},"content":{"rendered":"\n<h2 class=\"wp-block-heading\">Studenti su nakon postizanja dogovora oko izgradnje parka krenuli razra\u0111ivati ideju zajedno sa Centrom za \u0161ume.<\/h2>\n\n\n\n<hr class=\"wp-block-separator has-alpha-channel-opacity\"\/>\n\n\n\n<p>Studenti \u0160umarskog fakulteta iz Banjaluke u saradnji sa Centrom za \u0161ume (CEFOR) Svjetski dan \u0161uma obilje\u017eili na krajnje pohvalan na\u010din- otvaranjem zelenog parka nastalog na mjestu gdje je donedavno stajala zapu\u0161tena betonska povr\u0161ina!<\/p>\n\n\n\n<p>Predsjednik Saveza studenata \u0160umarskog fakulteta Kosta Lovre isti\u010de da su studenti ovog fakulteta prije mjesec dana odlu\u010dili obilje\u017eiti, ovaj njima veoma zna\u010dajan dan, na jedan veoma originalan i dru\u0161tveno koristan na\u010din, prenosi eTrafika.<\/p>\n\n\n\n<p><em>\u2013 U vrijeme kada Banjaluku, kao i cjelokupnu RS, usljed ubrzanog izgra\u0111ivanja, iz dana u dan pokrije desetine kvadrata betona, asfalta i kada zelene povr\u0161ine ubrzano nestaju, mi smo se odlu\u010dili na jedan potpuno suprotan proces. Jednu betoniranu povr\u0161inu koja nije ni\u010demu slu\u017eila smo ozelenili i pretvorili u park,<\/em>&nbsp;ka\u017ee Lovre.<\/p>\n\n\n\n<p>Studenti su nakon postizanja dogovora oko izgradnje parka krenuli razra\u0111ivati ideju zajedno sa Centrom za \u0161ume, me\u0111u kojim \u010dlanovima su se na\u0161li i profesori \u0160umarskog fakulteta te drugi ljudi koji su dobar dio \u017eivota posvetili \u0161umi i \u0161umarstvu.<\/p>\n\n\n\n<p><em>&nbsp;\u2013 Kao \u0161to to obi\u010dno biva glavni problem sa kojim smo se suo\u010dili bile su finansije, ali smo i to uspjeli prevazi\u0107i. Nakon saglasnosti dekana Tehnolo\u0161kog fakulteta Milo\u0161a Solaka za povr\u0161inu budu\u0107eg parka uzet je atrijum fakulteta. Sa betoniranom povr\u0161inom od 140 metara kvadratnih i debljinom od petnaest centimetara na\u0161li smo se pred nimalo lakim poduhvatom gdje je u dva dana trebalo \u201co\u0161temati\u201d 20 metara kubnih betona,<\/em>&nbsp;prisjetio se Lovre i dodao da je u izradi projekta u\u010destvovalo deset studenata, pi\u0161e&nbsp;<a href=\"https:\/\/6yka.com\/bih\/banjalucki-studenti-betonsku-povrsinu-pretvorili-u-zeleni-park\">Buka.<\/a><\/p>\n\n\n\n<p>Nakon uklanjanja betonske povr\u0161ine \u0160umarsko gazdinstvo Banjaluka im obezbje\u0111uje zemlju, a \u010dlan Centra za \u0161ume Stanoje \u0160ikani\u0107 sadni material nakon \u010dega im je ostao lak\u0161i dio gdje je park trebalo o\u017eivjeti \u0161to su ovi studenti-volonteri danas uspje\u0161no priveli kraju.<\/p>\n\n\n\n<p>Student \u0160umarstva Milo\u0161 Mileti\u0107 koji je u\u010destvovao u izradi parka isti\u010de da ljudi kod nas nemaju dovoljno razvijenu svijest kada je rije\u010d o zna\u010daju samih \u0161uma.<\/p>\n\n\n\n<p><em>&nbsp;\u2013 Pod hitno bi trebalo ovo pitanje i svijest o njemu di\u0107i na ve\u0107i nivo jer \u0107e se \u0161ume u suprotnom u najkra\u0107em mogu\u0107em roku upropastiti ako ne budu preduzete adekvatne mjere. Jedan od prvih koraka bilo bi anga\u017eovanje na tome kako zaposliti mnogobrojne in\u017einjere \u0161umarstva koji nemaju gdje da poka\u017eu svoj potencijal. Ako ni\u0161ta drugo da im se obezbijedi da odrade pripravni\u010dki,<\/em>&nbsp;rekao nam je Mileti\u0107.<\/p>\n\n\n\n<p>Da ovo ne\u0107e biti jedina akcija potvrdio je profesor \u0160umarskog fakulteta i \u010dlan CEFOR-a Zoran Maunaga koji najavljuje mnogobrojne akcije u narednom periodu.<\/p>\n\n\n\n<p><em>&nbsp;\u2013 Sutra uporedo radimo i na drugom projektu, posjetama obdani\u0161tima gdje \u0107e \u0161umari da pri\u010daju sa djecom o zna\u010daju \u0161uma i uporedo saditi zelenilo. Na\u0161e udru\u017eenje je svjesno da se upustilo u dugoro\u010dnu i mukotrpnu borbu jer je kod nas svijest i odnos prema \u0161umama na veoma niskom nivou. Intenzivno radimo na promociji \u0161uma jer mi njoj moramo vratiti onoliko koliko je ona nama dala jer ne mo\u017eemo da je koristimo samo za sje\u010du drve\u0107a i pribavljanja profita,<\/em>&nbsp;ka\u017ee Maunaga.<\/p>\n\n\n\n<p>Tako\u0111e, pored otvaranja parka Savez studenata \u0160umarstva organizuje i veliko po\u0161umljavanje na lokalitetu Vu\u010dija Poljana, Ribnik u kojem \u0107e u\u010destvovati preko 50 studenata.<\/p>\n\n\n\n<h2 class=\"wp-block-heading\">Pove\u0107avati svijest javnosti o zna\u010daju \u0161uma<\/h2>\n\n\n\n<p>Svjetski dan \u0161uma obilje\u017eava se \u0161irom svijeta ve\u0107 43 godine i ima za cilj podsje\u0107anje na njihov zna\u010daj te isticanje brojnih koristi koje dru\u0161tvo ima od njih. Smatralo se da \u0107e se na taj na\u010din doprinijeti pove\u0107anju svijesti i uvjerenja naj\u0161ire javnosti o zna\u010daju i ulozi \u0161uma za \u010dovjeka.<\/p>\n\n\n\n<p>Ideja za obilje\u017eavanje Svjetskog dana \u0161uma nastala je na 23. sjednici Generalne skup\u0161tine Evropske poljoprivredne konfederacije 1971. godine, a 21. mart je izabran kao dan proslave i obilje\u017eavanja tri klju\u010dna aspekta \u0161umarstva: za\u0161tite, proizvodnje i rekreacije.<\/p>\n\n\n\n<p>Preuzeto sa: <a href=\"https:\/\/studomat.ba\/vrijedni-studenti-iz-banjaluke-betonsku-povrsinu-pretvorili-u-zeleni-park\/178980\/\" target=\"_blank\" rel=\"noreferrer noopener\">studomat.ba<\/a><\/p>\n","protected":false},"excerpt":{"rendered":"<p>Studenti su nakon postizanja dogovora oko izgradnje parka krenuli razra\u0111ivati ideju zajedno sa Centrom za \u0161ume. Studenti \u0160umarskog fakulteta iz<\/p>\n","protected":false},"author":1,"featured_media":39626,"comment_status":"closed","ping_status":"open","sticky":false,"template":"","format":"standard","meta":{"om_disable_all_campaigns":false,"_monsterinsights_skip_tracking":false,"_monsterinsights_sitenote_active":false,"_monsterinsights_sitenote_note":"","_monsterinsights_sitenote_category":0,"footnotes":""},"categories":[13],"tags":[638,62,12970],"class_list":["post-39650","post","type-post","status-publish","format-standard","has-post-thumbnail","hentry","category-studenti","tag-akcija","tag-studenti","tag-sumarski-fakutet"],"jetpack_featured_media_url":"https:\/\/www.mladibl.com\/wp-content\/uploads\/2024\/05\/Vrijedni-studenti-iz-Banjaluke-betonsku-povrsinu-pretvorili-u-zeleni-park.jpg","amp_enabled":true,"_links":{"self":[{"href":"https:\/\/www.mladibl.com\/index.php?rest_route=\/wp\/v2\/posts\/39650","targetHints":{"allow":["GET"]}}],"collection":[{"href":"https:\/\/www.mladibl.com\/index.php?rest_route=\/wp\/v2\/posts"}],"about":[{"href":"https:\/\/www.mladibl.com\/index.php?rest_route=\/wp\/v2\/types\/post"}],"author":[{"embeddable":true,"href":"https:\/\/www.mladibl.com\/index.php?rest_route=\/wp\/v2\/users\/1"}],"replies":[{"embeddable":true,"href":"https:\/\/www.mladibl.com\/index.php?rest_route=%2Fwp%2Fv2%2Fcomments&post=39650"}],"version-history":[{"count":1,"href":"https:\/\/www.mladibl.com\/index.php?rest_route=\/wp\/v2\/posts\/39650\/revisions"}],"predecessor-version":[{"id":39651,"href":"https:\/\/www.mladibl.com\/index.php?rest_route=\/wp\/v2\/posts\/39650\/revisions\/39651"}],"wp:featuredmedia":[{"embeddable":true,"href":"https:\/\/www.mladibl.com\/index.php?rest_route=\/wp\/v2\/media\/39626"}],"wp:attachment":[{"href":"https:\/\/www.mladibl.com\/index.php?rest_route=%2Fwp%2Fv2%2Fmedia&parent=39650"}],"wp:term":[{"taxonomy":"category","embeddable":true,"href":"https:\/\/www.mladibl.com\/index.php?rest_route=%2Fwp%2Fv2%2Fcategories&post=39650"},{"taxonomy":"post_tag","embeddable":true,"href":"https:\/\/www.mladibl.com\/index.php?rest_route=%2Fwp%2Fv2%2Ftags&post=39650"}],"curies":[{"name":"wp","href":"https:\/\/api.w.org\/{rel}","templated":true}]}}