{"id":39598,"date":"2024-05-17T10:50:19","date_gmt":"2024-05-17T08:50:19","guid":{"rendered":"https:\/\/www.mladibl.com\/?p=39598"},"modified":"2024-05-17T11:10:30","modified_gmt":"2024-05-17T09:10:30","slug":"poziv-za-ucesce-na-radionici-o-medijskoj-pismenosti-izvjestavanje-o-cirkularnoj-ekonomiji","status":"publish","type":"post","link":"https:\/\/www.mladibl.com\/?p=39598","title":{"rendered":"Poziv za u\u010de\u0161\u0107e na radionici o medijskoj pismenosti: Izvje\u0161tavanje o cirkularnoj ekonomiji"},"content":{"rendered":"\n<p>Sa zadovoljstvom Vam upu\u0107ujemo poziv za u\u010de\u0161\u0107e na doga\u0111aju&nbsp;<strong>\u201eRadionica o medijskoj pismenosti: Izvje\u0161tavanje o cirkularnoj ekonomiji\u201c<\/strong>, koji \u0107e biti odr\u017ean&nbsp;<strong>30. maja 2024.<\/strong>&nbsp;godine, u hotelu&nbsp;<strong>Courtyard by Marriott<\/strong>&nbsp;u Sarajevu sa po\u010detkom u&nbsp;<strong>10:00 sati.<\/strong><\/p>\n\n\n\n<p>Radionicu organizira Udru\u017eenje&nbsp;<a href=\"https:\/\/cener21.ba\/\">Centar za energiju, okolinu i resurse (CENER 21)<\/a>&nbsp;u okviru&nbsp;<a href=\"https:\/\/2018.thebalkanforum.org\/en\/logex-community\">Sedmice cirkularne ekonomije Zapadnog Balkana<\/a>, inicijative&nbsp;<a href=\"https:\/\/2018.thebalkanforum.org\/en\/logex-community\">LogEx zajednice<\/a>&nbsp;i&nbsp;<a href=\"https:\/\/thebalkanforum.org\/\">Balkan Foruma<\/a>, koja \u0107e se odr\u017eati u nekoliko zemalja Zapadnog Balkana od 27. do 31. maja 2024. godine. Ova inicijativa ima za cilj podizanje svijesti o va\u017enosti inicijativa i ideja cirkularne ekonomije te promociju inovativnih ideja, kreativnih rje\u0161enja i odr\u017eivih praksi koje \u0107e oblikovati budu\u0107nost regije.<\/p>\n\n\n\n<p>Radionica je namijenjena novinarima, studentima novinarstva te stru\u010dnjacima za zagovaranje za\u0161tite okoli\u0161a u BiH, sa fokusom na one koji aktivno pi\u0161u o pitanjima za\u0161tite okoli\u0161a.<\/p>\n\n\n\n<p>Cilj radionice je unaprijediti razumijevanje medijskih profesionalaca u BiH o klju\u010dnim principima cirkularne ekonomije i oja\u010dati njihove kapacitete za efikasno preno\u0161enje ideja cirkularne ekonomije \u0161iroj javnosti. U okviru teorijskog modula radionice, u\u010desnici zainteresovani za izvje\u0161tavanje o temama vezanim za cirkularnu ekonomiju imat \u0107e priliku ste\u0107i nova znanja te razumijevanje terminologije i koncepta cirkularne ekonomije, kao i vi\u0161estrukih koristi i prilika koje cirkularna tranzicija nudi. Time \u0107e pro\u0161iriti svoje znanje za kreiranje utjecajnih i poticajnih pri\u010da.<\/p>\n\n\n\n<p>U okviru prakti\u010dnog dijela radionice, u\u010desnici \u0107e imati priliku da primijene ste\u010deno znanje te da kroz kreativni proces pripreme vlastite \u010dlanke na teme iz cirkularne ekonomije. Tri najbolje ocijenjena rada bit \u0107e promovisana putem CENER 21 dru\u0161tvenih mre\u017ea, pru\u017eaju\u0107i u\u010desnicima priliku da svoje ideje i radove podijele sa \u0161irom javno\u0161\u0107u i doprinesu promociji odr\u017eivog razvoja.<\/p>\n\n\n\n<p><strong>Svaki u\u010desnik koji uspje\u0161no pro\u0111e obuku dobit \u0107e i certifikat o u\u010de\u0161\u0107u.<\/strong><\/p>\n\n\n\n<p>Za u\u010de\u0161\u0107e na radionici potrebno je izvr\u0161iti registraciju prijavom na link:&nbsp;<a href=\"https:\/\/forms.office.com\/e\/CqJvBFqUCH\" target=\"_blank\" rel=\"noreferrer noopener\">https:\/\/forms.office.com\/e\/CqJvBFqUCH<\/a>,&nbsp;<strong>najkasnije do 28. maja 2024.<\/strong><\/p>\n\n\n\n<p>Za sva dodatna pitanja i informacije, budite slobodni da nas kontaktirate na e-mail:&nbsp;<a href=\"mailto:amila.isanovic@cener21.ba\">amila.isanovic@cener21.ba<\/a>&nbsp;ili na broj: +387 62 240 639.<\/p>\n\n\n\n<p><strong>Unaprijed se zahvaljujemo na iskazanom interesovanju za u\u010de\u0161\u0107e na radionici!<\/strong><\/p>\n\n\n\n<p>Preuzeto sa: <a href=\"https:\/\/www.hocu.ba\/indexphp\/hocupriliku\/poziv-za-ucesce-na-radionici-o-medijskoj-pismenosti-izvjestavanje-o-cirkularnoj-ekonomiji\/\" target=\"_blank\" rel=\"noreferrer noopener\">hocu.ba<\/a><\/p>\n","protected":false},"excerpt":{"rendered":"<p>Sa zadovoljstvom Vam upu\u0107ujemo poziv za u\u010de\u0161\u0107e na doga\u0111aju&nbsp;\u201eRadionica o medijskoj pismenosti: Izvje\u0161tavanje o cirkularnoj ekonomiji\u201c, koji \u0107e biti odr\u017ean&nbsp;30.<\/p>\n","protected":false},"author":1,"featured_media":39605,"comment_status":"closed","ping_status":"open","sticky":false,"template":"","format":"standard","meta":{"om_disable_all_campaigns":false,"_monsterinsights_skip_tracking":false,"_monsterinsights_sitenote_active":false,"_monsterinsights_sitenote_note":"","_monsterinsights_sitenote_category":0,"footnotes":""},"categories":[4,8692],"tags":[4716,1489,23],"class_list":["post-39598","post","type-post","status-publish","format-standard","has-post-thumbnail","hentry","category-edukacija","category-izdvajamo","tag-cirkularna-ekonomija","tag-medijska-pismenost","tag-radionica"],"jetpack_featured_media_url":"https:\/\/www.mladibl.com\/wp-content\/uploads\/2024\/05\/Poziv-za-ucesce-na-radionici-o-medijskoj-pismenosti_-Izvjestavanje-o-cirkularnoj-ekonomiji.jpg","amp_enabled":true,"_links":{"self":[{"href":"https:\/\/www.mladibl.com\/index.php?rest_route=\/wp\/v2\/posts\/39598","targetHints":{"allow":["GET"]}}],"collection":[{"href":"https:\/\/www.mladibl.com\/index.php?rest_route=\/wp\/v2\/posts"}],"about":[{"href":"https:\/\/www.mladibl.com\/index.php?rest_route=\/wp\/v2\/types\/post"}],"author":[{"embeddable":true,"href":"https:\/\/www.mladibl.com\/index.php?rest_route=\/wp\/v2\/users\/1"}],"replies":[{"embeddable":true,"href":"https:\/\/www.mladibl.com\/index.php?rest_route=%2Fwp%2Fv2%2Fcomments&post=39598"}],"version-history":[{"count":1,"href":"https:\/\/www.mladibl.com\/index.php?rest_route=\/wp\/v2\/posts\/39598\/revisions"}],"predecessor-version":[{"id":39606,"href":"https:\/\/www.mladibl.com\/index.php?rest_route=\/wp\/v2\/posts\/39598\/revisions\/39606"}],"wp:featuredmedia":[{"embeddable":true,"href":"https:\/\/www.mladibl.com\/index.php?rest_route=\/wp\/v2\/media\/39605"}],"wp:attachment":[{"href":"https:\/\/www.mladibl.com\/index.php?rest_route=%2Fwp%2Fv2%2Fmedia&parent=39598"}],"wp:term":[{"taxonomy":"category","embeddable":true,"href":"https:\/\/www.mladibl.com\/index.php?rest_route=%2Fwp%2Fv2%2Fcategories&post=39598"},{"taxonomy":"post_tag","embeddable":true,"href":"https:\/\/www.mladibl.com\/index.php?rest_route=%2Fwp%2Fv2%2Ftags&post=39598"}],"curies":[{"name":"wp","href":"https:\/\/api.w.org\/{rel}","templated":true}]}}