{"id":3939,"date":"2020-11-09T10:20:44","date_gmt":"2020-11-09T08:20:44","guid":{"rendered":"http:\/\/www.mladibl.com\/?p=3939"},"modified":"2020-11-09T10:21:46","modified_gmt":"2020-11-09T08:21:46","slug":"novi-programski-sadrzaji-za-88-godisnjicu-banskog-dvora","status":"publish","type":"post","link":"https:\/\/www.mladibl.com\/?p=3939","title":{"rendered":"Novi programski sadr\u017eaji za 88. godi\u0161njicu Banskog dvora"},"content":{"rendered":"\n<p>Banja Luka je ponosna na rezulate koje u posljednje vrijeme ostvaruje Banski dvor, rekao je gradona\u010delnik Igor Radoji\u010di\u0107 na konferneciji za novinare kojom je obilje\u017eena 88. godi\u0161njica postojanja Kulturnog centra Banski dvor.<\/p>\n\n\n\n<p>On je istakao da je Banski dvor, konceptualno, epicentar banjalu\u010dkih kulturnih de\u0161avanja, pa \u010dak i u ovoj godini u kojoj je broj de\u0161avanja znatno manji.<\/p>\n\n\n\n<p>Banski dvor je bio jedna od prvih ustanova koja je po\u010dela sa aktivnostima nakon \u0161to je to dozvoljeno,a publika je sa nestrpljenjem \u010dekala da krene program. Grad Banja Luka je tu da podr\u017ei rad Banskog dvora, kako u programskom tako i u infrastrukturnom smislu, jer je, u protekle dvije godine, izvr\u0161ena najve\u0107a obnobva zgrade Banskog dvora jo\u0161 od razornog zemljotresa 1969. godine \u2013 naglasio je Radoji\u010di\u0107.<\/p>\n\n\n\n<p>Direktor Kulturnog centra Banski dvor, Mladen Matovi\u0107, rekao je da je u Banskom dvoru organizovano oko 300 doga\u0111aja na nivou godine i najavio tri nova projekta kojima \u0107e Banski dvor osvje\u017eiti banjalu\u010dku kulturnu scenu u narednom periodu.<\/p>\n\n\n\n<p>Prvi projekat je osnivanje kamernog guda\u010dkog orkestra koji \u0107e nositi ime bana Svetislava Tise Milosavljevi\u0107a i djelova\u0107e pri Banskom dvoru, a prvi koncert ima\u0107e upravo na sam dan Banskog dvora \u2013 8. novembra. Druga zna\u010dajna programska aktivnost bi\u0107e realizacija ekskluzivne postavke koju \u010dini porodi\u010dna zaostav\u0161tina bana Todora Lazarevi\u0107a, dok je tre\u0107i projekat u vezi sa likovnom umjetno\u0161\u0107u gdje \u0107e, u adaptiranim slikarskim ateljejima, stvarati poznati likovni umjetnici koji \u0107e dolaziti u na\u0161 grad \u2013 naveo je Matovi\u0107.<\/p>\n\n\n\n<p>Dirigent Kamernog guda\u010dkog orkestra \u201eBan Svetislav Tisa Milosavljevi\u0107\u201c, Branka Rado\u0161evi\u0107 Mitrovi\u0107, kazala je da svaki grad, koji dr\u017ei do kulture, ima svoj kamerni orkestar i da za Banju Luku ovo predstavlja veliki iskorak. Ona je dodala da \u0107e orkestar, za po\u010detak, brojati devet \u010dlanova zbog aktuelne epidemiolo\u0161ke situacije, a da je planirani broj \u010dlanova 25.<\/p>\n\n\n\n<p>Urednik likovnog programa u Banskom dvoru, Slobodan Vidovi\u0107, kazao je da rezidencijalni projekat dolaska likovnih umjetnika u na\u0161 grad podrazumijeva da ovi umjetnici u odre\u0111enom vremenu borave u Banjoj Luci i ovdje stvaraju svoja djela, a nakon toga \u0107e uslijediti izlo\u017ebe i drugi prate\u0107i sadr\u017eaji.<\/p>\n\n\n\n<p>Preuzeto sa: <a href=\"http:\/\/www.banjaluka.rs.ba\/%d0%bd%d0%be%d0%b2%d0%b8-%d0%bf%d1%80%d0%be%d0%b3%d1%80%d0%b0%d0%bc%d1%81%d0%ba%d0%b8-%d1%81%d0%b0%d0%b4%d1%80%d0%b6%d0%b0%d1%98%d0%b8-%d0%b7%d0%b0-88-%d0%b3%d0%be%d0%b4%d0%b8%d1%88%d1%9a%d0%b8%d1%86\/\" target=\"_blank\" rel=\"noreferrer noopener\" aria-label=\"Grad Banja Luka (opens in a new tab)\">Grad Banja Luka<\/a><\/p>\n","protected":false},"excerpt":{"rendered":"<p>Banja Luka je ponosna na rezulate koje u posljednje vrijeme ostvaruje Banski dvor, rekao je gradona\u010delnik Igor Radoji\u010di\u0107 na konferneciji<\/p>\n","protected":false},"author":1,"featured_media":3940,"comment_status":"closed","ping_status":"open","sticky":false,"template":"","format":"standard","meta":{"om_disable_all_campaigns":false,"_monsterinsights_skip_tracking":false,"_monsterinsights_sitenote_active":false,"_monsterinsights_sitenote_note":"","_monsterinsights_sitenote_category":0,"footnotes":""},"categories":[2],"tags":[53,881,1890,1891,1892],"class_list":["post-3939","post","type-post","status-publish","format-standard","has-post-thumbnail","hentry","category-vijesti","tag-banja-luka","tag-banski-dvor","tag-godisnjica","tag-programski","tag-sadrzaj"],"jetpack_featured_media_url":"https:\/\/www.mladibl.com\/wp-content\/uploads\/2020\/11\/Novi-programski-sadr\u017eaji-za-88.-godi\u0161njicu-Banskog-dvora.jpg","amp_enabled":true,"_links":{"self":[{"href":"https:\/\/www.mladibl.com\/index.php?rest_route=\/wp\/v2\/posts\/3939","targetHints":{"allow":["GET"]}}],"collection":[{"href":"https:\/\/www.mladibl.com\/index.php?rest_route=\/wp\/v2\/posts"}],"about":[{"href":"https:\/\/www.mladibl.com\/index.php?rest_route=\/wp\/v2\/types\/post"}],"author":[{"embeddable":true,"href":"https:\/\/www.mladibl.com\/index.php?rest_route=\/wp\/v2\/users\/1"}],"replies":[{"embeddable":true,"href":"https:\/\/www.mladibl.com\/index.php?rest_route=%2Fwp%2Fv2%2Fcomments&post=3939"}],"version-history":[{"count":2,"href":"https:\/\/www.mladibl.com\/index.php?rest_route=\/wp\/v2\/posts\/3939\/revisions"}],"predecessor-version":[{"id":3942,"href":"https:\/\/www.mladibl.com\/index.php?rest_route=\/wp\/v2\/posts\/3939\/revisions\/3942"}],"wp:featuredmedia":[{"embeddable":true,"href":"https:\/\/www.mladibl.com\/index.php?rest_route=\/wp\/v2\/media\/3940"}],"wp:attachment":[{"href":"https:\/\/www.mladibl.com\/index.php?rest_route=%2Fwp%2Fv2%2Fmedia&parent=3939"}],"wp:term":[{"taxonomy":"category","embeddable":true,"href":"https:\/\/www.mladibl.com\/index.php?rest_route=%2Fwp%2Fv2%2Fcategories&post=3939"},{"taxonomy":"post_tag","embeddable":true,"href":"https:\/\/www.mladibl.com\/index.php?rest_route=%2Fwp%2Fv2%2Ftags&post=3939"}],"curies":[{"name":"wp","href":"https:\/\/api.w.org\/{rel}","templated":true}]}}