{"id":3911,"date":"2020-11-06T10:23:42","date_gmt":"2020-11-06T08:23:42","guid":{"rendered":"http:\/\/www.mladibl.com\/?p=3911"},"modified":"2020-11-06T10:23:45","modified_gmt":"2020-11-06T08:23:45","slug":"poziv-za-sedmu-apo-generaciju","status":"publish","type":"post","link":"https:\/\/www.mladibl.com\/?p=3911","title":{"rendered":"Poziv za sedmu APO generaciju"},"content":{"rendered":"\n<p>Nakon uspje\u0161ne realizacije \u0161est generacija Akademije (2014 \u2013 2020. godine), Fondacija Boris Divkovi\u0107 objavljuje poziv za u\u010de\u0161\u0107e na sedmoj Akademiji politi\u010dke odgovornosti. Cilj Akademije je uspostaviti novu politi\u010dku kulturu u BiH, koja je nezaobilazan preduvjet u\u010dinkovitog funkcionisanja politi\u010dkih struktura i miroljubivog su\u017eivota u Bosni i Hercegovini.<\/p>\n\n\n\n<figure class=\"wp-block-image\"><img loading=\"lazy\" decoding=\"async\" width=\"800\" height=\"800\" src=\"http:\/\/www.mladibl.com\/wp-content\/uploads\/2020\/11\/Poziv-za-sedmu-APO-generaciju.jpg\" alt=\"\" class=\"wp-image-3912\" srcset=\"https:\/\/www.mladibl.com\/wp-content\/uploads\/2020\/11\/Poziv-za-sedmu-APO-generaciju.jpg 800w, https:\/\/www.mladibl.com\/wp-content\/uploads\/2020\/11\/Poziv-za-sedmu-APO-generaciju-150x150.jpg 150w, https:\/\/www.mladibl.com\/wp-content\/uploads\/2020\/11\/Poziv-za-sedmu-APO-generaciju-300x300.jpg 300w, https:\/\/www.mladibl.com\/wp-content\/uploads\/2020\/11\/Poziv-za-sedmu-APO-generaciju-768x768.jpg 768w\" sizes=\"auto, (max-width: 800px) 100vw, 800px\" \/><\/figure>\n\n\n\n<p>Bez nove politi\u010dke kulture, bit \u0107e nemogu\u0107e prevladati stalne politi\u010dke krize, po\u010dev\u0161i od ustavno-teritorijalnog ustroja i postratno-tranzicijske traume koja se ogleda u razli\u010ditim segmentima dru\u0161tva. Obrazovanjem mladih ljudi koji predstavlju novu generaciju politi\u010darki i politi\u010dara te razgovorima o temama koje nisu zastupljene u bh. politi\u010dkom \u017eivotu, mo\u017eemo utjecati na uvo\u0111enje pozitivnih primjera u politi\u010dki \u017eivot BiH.<\/p>\n\n\n\n<p>Ko se mo\u017ee prijaviti:<\/p>\n\n\n\n<ul class=\"wp-block-list\"><li>Mlade politi\u010darke i politi\u010dari od 18 do 35 godina iz razli\u010ditih bh. politi\u010dkih stranaka;<\/li><li>Mlade zastupnice i zastupnici od 18 do 35 godina u razli\u010ditim politi\u010dkim strukturama zemlje (parlamenti, ministarstva, vlade i sl.);<\/li><li>Mladi iz razli\u010ditih nevladinih organizacija \u010dije je te\u017ei\u0161ta rada u sferi politike;<\/li><li>Mlade novinarke i novinari \u010dije se te\u017ei\u0161ta rada ti\u010de analize i predstavljanja politi\u010dkih procesa u zemlji.<\/li><\/ul>\n\n\n\n<p>Struktura Akademije:<\/p>\n\n\n\n<p>Akademija politi\u010dke odgovornosti traje 3 dana. Obuhvata teme koje se ti\u010du politi\u010dke kulture, dominantne paradigme regionalne politi\u010dke kulture, odnos politike, civilnog dru\u0161tva i obrazovanja, politiku sje\u0107anja, definisanja medija kao prostora manifestacije i oblikovanja politi\u010dke kulture, odnos religije i ekonomije u politi\u010dkom kontekstu, globalni politi\u010dki portret, te odnos politike i rodne ravnopravnosti.<\/p>\n\n\n\n<p>Period odr\u017eavanja Akademije:<\/p>\n\n\n\n<p>Akademija \u0107e se odr\u017eati u Franjeva\u010dkom samostanu sv. Bonaventure u Visokom u periodu od 11. do 13. decembra 2020. godine.<\/p>\n\n\n\n<p>Tro\u0161kovi Akademije:<\/p>\n\n\n\n<p>Organizatori snose tro\u0161kove puta, smje\u0161taja, hrane, osvje\u017eenja te u\u010de\u0161\u0107a na Akademiji.<\/p>\n\n\n\n<p>KRAJNJI ROK ZA PRIJAVE: 25.11.2020.<\/p>\n\n\n\n<p>U slu\u010daju ve\u0107eg broja prijava, organizatori \u0107e vr\u0161iti izbor polaznica i polaznika, uzimaju\u0107i u obzir spolnu, strana\u010dku, nevladinog i medijskog sektora, kao i regionalnu zastupljenost. Odabrane polaznici i polaznici bit \u0107e obavije\u0161teni o tome do 1. decembra 2020. godine. Sretno! \ud83d\ude42<\/p>\n\n\n\n<p>U slu\u010daju dodatnih pitanja, pi\u0161i nam na <strong><a href=\"mailto:bdf@office.ba\" target=\"_blank\" rel=\"noreferrer noopener\" aria-label=\"bdf@office.ba (opens in a new tab)\">bdf@office.ba<\/a><\/strong> ili na na\u0161e profile na dru\u0161tvenim mre\u017eama.<\/p>\n\n\n\n<p>&#8211;<\/p>\n\n\n\n<p>Fondacija Boris Divkovi\u0107 osnovana je 2013. godine s ciljem unapre\u0111ivanja politi\u010dkih nauka i politi\u010dke prakse u Bosni i Hercegovini. Fondacija promovi\u0161e odgovornu politiku, koja slu\u017ei svim gra\u0111anima i gra\u0111ankama i djeluje na principima jednakopravnosti, su\u017eivota i solidarnosti.<\/p>\n\n\n\n<p>Saznajte vi\u0161e o Fondaciji i organizovanim dosada\u0161njim aktivnostima u sklopu njenog djelovanja na <strong><a href=\"http:\/\/www.bdf.ba\" target=\"_blank\" rel=\"noreferrer noopener\" aria-label=\"www.bdf.ba (opens in a new tab)\">www.bdf.ba<\/a><\/strong>.<\/p>\n\n\n\n<p><strong><a href=\"https:\/\/docs.google.com\/forms\/d\/e\/1FAIpQLSfBHrH5N82AJIHK_DHqOaoRl2t2IKBA4btZvQefNyGEEg9Nig\/viewform?fbclid=IwAR1hnAK2I_cqjbqLsCnVGX5NRp_H8IaiMjtsZ-Mv1ZyNO26FyBlKVKrb07c\" target=\"_blank\" rel=\"noreferrer noopener\" aria-label=\"Link za prijavu (opens in a new tab)\">Link za prijavu<\/a><\/strong><\/p>\n\n\n\n<p>Preuzeto sa: hocu.ba<\/p>\n","protected":false},"excerpt":{"rendered":"<p>Nakon uspje\u0161ne realizacije \u0161est generacija Akademije (2014 \u2013 2020. godine), Fondacija Boris Divkovi\u0107 objavljuje poziv za u\u010de\u0161\u0107e na sedmoj Akademiji<\/p>\n","protected":false},"author":1,"featured_media":3912,"comment_status":"closed","ping_status":"open","sticky":false,"template":"","format":"standard","meta":{"om_disable_all_campaigns":false,"_monsterinsights_skip_tracking":false,"_monsterinsights_sitenote_active":false,"_monsterinsights_sitenote_note":"","_monsterinsights_sitenote_category":0,"footnotes":""},"categories":[4],"tags":[964,1869,695,1867,1866,1868,355],"class_list":["post-3911","post","type-post","status-publish","format-standard","has-post-thumbnail","hentry","category-edukacija","tag-akademija","tag-boris-divkovic","tag-fondacija","tag-odgovornost","tag-politicka","tag-polliticka-kultura","tag-poziv"],"jetpack_featured_media_url":"https:\/\/www.mladibl.com\/wp-content\/uploads\/2020\/11\/Poziv-za-sedmu-APO-generaciju.jpg","amp_enabled":true,"_links":{"self":[{"href":"https:\/\/www.mladibl.com\/index.php?rest_route=\/wp\/v2\/posts\/3911","targetHints":{"allow":["GET"]}}],"collection":[{"href":"https:\/\/www.mladibl.com\/index.php?rest_route=\/wp\/v2\/posts"}],"about":[{"href":"https:\/\/www.mladibl.com\/index.php?rest_route=\/wp\/v2\/types\/post"}],"author":[{"embeddable":true,"href":"https:\/\/www.mladibl.com\/index.php?rest_route=\/wp\/v2\/users\/1"}],"replies":[{"embeddable":true,"href":"https:\/\/www.mladibl.com\/index.php?rest_route=%2Fwp%2Fv2%2Fcomments&post=3911"}],"version-history":[{"count":1,"href":"https:\/\/www.mladibl.com\/index.php?rest_route=\/wp\/v2\/posts\/3911\/revisions"}],"predecessor-version":[{"id":3913,"href":"https:\/\/www.mladibl.com\/index.php?rest_route=\/wp\/v2\/posts\/3911\/revisions\/3913"}],"wp:featuredmedia":[{"embeddable":true,"href":"https:\/\/www.mladibl.com\/index.php?rest_route=\/wp\/v2\/media\/3912"}],"wp:attachment":[{"href":"https:\/\/www.mladibl.com\/index.php?rest_route=%2Fwp%2Fv2%2Fmedia&parent=3911"}],"wp:term":[{"taxonomy":"category","embeddable":true,"href":"https:\/\/www.mladibl.com\/index.php?rest_route=%2Fwp%2Fv2%2Fcategories&post=3911"},{"taxonomy":"post_tag","embeddable":true,"href":"https:\/\/www.mladibl.com\/index.php?rest_route=%2Fwp%2Fv2%2Ftags&post=3911"}],"curies":[{"name":"wp","href":"https:\/\/api.w.org\/{rel}","templated":true}]}}