{"id":39066,"date":"2024-04-17T00:26:25","date_gmt":"2024-04-16T22:26:25","guid":{"rendered":"https:\/\/www.mladibl.com\/?p=39066"},"modified":"2024-04-17T00:32:53","modified_gmt":"2024-04-16T22:32:53","slug":"prijava-za-trening-mladi-zastitnici-ljudskih-prava","status":"publish","type":"post","link":"https:\/\/www.mladibl.com\/?p=39066","title":{"rendered":"Prijava za trening \u201cMladi \u2013 za\u0161titnici ljudskih prava!\u201d"},"content":{"rendered":"\n<p>Mlada si osoba i \u017eeli\u0161 se upoznati sa zna\u010dajem ljudskih prava?<\/p>\n\n\n\n<p>Ako je tvoj odgovor&nbsp;<strong>DA<\/strong>&nbsp;i dolazi\u0161 iz&nbsp;<strong>Banjaluke<\/strong>,&nbsp;<strong>Mostara ili Sarajeva,<\/strong>&nbsp;prijavi se na jednodnevni trening o ljudskim pravima.<\/p>\n\n\n\n<p>Kroz 4 modula, mladi u\u010desnici \u0107e ste\u0107i&nbsp;<strong>znanje o&nbsp;ljudskim pravima&nbsp;<\/strong><strong>i vje\u0161tine njihovog zagovaranja.<\/strong><\/p>\n\n\n\n<p>Trening \u0107e biti zaklju\u010den interaktivnim kvizom sa pitanjima o razvoju ideje o ljudskim pravima, te kako postupiti u slu\u010daju naru\u0161avanju istih.<\/p>\n\n\n\n<p>U\u010desnici treninga \u0107e imati priliku pro\u0161iriti znanja vezano za ljudska prava, te ste\u0107i vje\u0161tine&nbsp;zagovaranja ljudskih prava shodno Povelji Ujedinjenih nacija i Op\u0107oj deklaraciji&nbsp;o ljudskim pravima.<\/p>\n\n\n\n<p>Projekat ima za cilj unaprje\u0111enje kapaciteta mladih za promociju ljudskih prava&nbsp;kako bi se osna\u017eila uloga mladih ljudi, prvenstveno srednjo\u0161kolaca i studenata, u aktivnoj promociji&nbsp;ljudskih prava.<\/p>\n\n\n\n<p><strong>Banja Luka<\/strong>: Petak (<strong>26.04.<\/strong>),&nbsp;prostorije<strong>&nbsp;Ameri\u010dkog kutka u Banjaluci<\/strong><\/p>\n\n\n\n<p><strong>Mostar<\/strong>: Petak (<strong>19.04.<\/strong>), prostorije&nbsp;<strong>Ameri\u010dkog kutka u Mostaru<\/strong>&nbsp;sa po\u010detkom u&nbsp;<strong>9:00&nbsp;<\/strong><\/p>\n\n\n\n<p><strong>Sarajevo<\/strong>: Ponedjeljak (<strong>22.04.<\/strong>)<\/p>\n\n\n\n<p>Projekat \u201c<strong>Mladi \u2013 za\u0161titnici ljudskih prava!<\/strong>\u201d implementira&nbsp;<strong>Udru\u017eenje kriminalista, kriminologa i menad\u017eera sigurnosti<\/strong>, uz podr\u0161ku Ministarstva za ljudska prava i izbjeglice Bosne i Hercegovine.<\/p>\n\n\n\n<p>Prijaviti se mo\u017eete\u00a0<strong><a href=\"https:\/\/docs.google.com\/forms\/d\/e\/1FAIpQLSdO1iBRV2ilMtF0Slz0DPZV0Nac5kHSlZ0ZLNERZ1fUWZrMBA\/viewform\" target=\"_blank\" rel=\"noreferrer noopener\">ovdje<\/a><\/strong><\/p>\n\n\n\n<p>Preuzeto sa: <a href=\"https:\/\/www.hocu.ba\/indexphp\/hocupriliku\/prijava-za-trening-mladi-zastitnici-ljudskih-prava\/\" target=\"_blank\" rel=\"noreferrer noopener\">hocu.ba<\/a><\/p>\n","protected":false},"excerpt":{"rendered":"<p>Mlada si osoba i \u017eeli\u0161 se upoznati sa zna\u010dajem ljudskih prava? Ako je tvoj odgovor&nbsp;DA&nbsp;i dolazi\u0161 iz&nbsp;Banjaluke,&nbsp;Mostara ili Sarajeva,&nbsp;prijavi se<\/p>\n","protected":false},"author":1,"featured_media":39047,"comment_status":"closed","ping_status":"open","sticky":false,"template":"","format":"standard","meta":{"om_disable_all_campaigns":false,"_monsterinsights_skip_tracking":false,"_monsterinsights_sitenote_active":false,"_monsterinsights_sitenote_note":"","_monsterinsights_sitenote_category":0,"footnotes":""},"categories":[4,8692],"tags":[158,33,220],"class_list":["post-39066","post","type-post","status-publish","format-standard","has-post-thumbnail","hentry","category-edukacija","category-izdvajamo","tag-ljudska-prava","tag-mladi","tag-trening"],"jetpack_featured_media_url":"https:\/\/www.mladibl.com\/wp-content\/uploads\/2024\/04\/Prijava-za-trening-Mladi-\u2013-zastitnici-ljudskih-prava.jpg","amp_enabled":true,"_links":{"self":[{"href":"https:\/\/www.mladibl.com\/index.php?rest_route=\/wp\/v2\/posts\/39066","targetHints":{"allow":["GET"]}}],"collection":[{"href":"https:\/\/www.mladibl.com\/index.php?rest_route=\/wp\/v2\/posts"}],"about":[{"href":"https:\/\/www.mladibl.com\/index.php?rest_route=\/wp\/v2\/types\/post"}],"author":[{"embeddable":true,"href":"https:\/\/www.mladibl.com\/index.php?rest_route=\/wp\/v2\/users\/1"}],"replies":[{"embeddable":true,"href":"https:\/\/www.mladibl.com\/index.php?rest_route=%2Fwp%2Fv2%2Fcomments&post=39066"}],"version-history":[{"count":1,"href":"https:\/\/www.mladibl.com\/index.php?rest_route=\/wp\/v2\/posts\/39066\/revisions"}],"predecessor-version":[{"id":39067,"href":"https:\/\/www.mladibl.com\/index.php?rest_route=\/wp\/v2\/posts\/39066\/revisions\/39067"}],"wp:featuredmedia":[{"embeddable":true,"href":"https:\/\/www.mladibl.com\/index.php?rest_route=\/wp\/v2\/media\/39047"}],"wp:attachment":[{"href":"https:\/\/www.mladibl.com\/index.php?rest_route=%2Fwp%2Fv2%2Fmedia&parent=39066"}],"wp:term":[{"taxonomy":"category","embeddable":true,"href":"https:\/\/www.mladibl.com\/index.php?rest_route=%2Fwp%2Fv2%2Fcategories&post=39066"},{"taxonomy":"post_tag","embeddable":true,"href":"https:\/\/www.mladibl.com\/index.php?rest_route=%2Fwp%2Fv2%2Ftags&post=39066"}],"curies":[{"name":"wp","href":"https:\/\/api.w.org\/{rel}","templated":true}]}}