{"id":38973,"date":"2024-04-10T21:08:00","date_gmt":"2024-04-10T19:08:00","guid":{"rendered":"https:\/\/www.mladibl.com\/?p=38973"},"modified":"2024-04-11T08:30:04","modified_gmt":"2024-04-11T06:30:04","slug":"otvoren-je-poziv-za-podnosenje-prijedloga-projekata-za-omladinski-fond-lokalne-inicijative-mladih","status":"publish","type":"post","link":"https:\/\/www.mladibl.com\/?p=38973","title":{"rendered":"Otvoren je Poziv za podno\u0161enje prijedloga projekata za Omladinski fond \u201eLokalne inicijative mladih\u201c!"},"content":{"rendered":"\n<p>Regionalni dijalog mladih za Evropu<\/p>\n\n\n\n<p>Objavljujemo otvoreni&nbsp;<strong>poziv za podno\u0161enje predloga projekata za Omladinski fond \u201eLokalne inicijative mladih\u201c<\/strong>u okviru projekta&nbsp;<strong>Regionalni dijalog mladih za Evropu<\/strong>&nbsp;koji finansira&nbsp;<strong>Evropska unija<\/strong>.<\/p>\n\n\n\n<p><strong>Omladinski fond za lokalne inicijative mladih<\/strong>&nbsp;obezbedi\u0107e grantove za podr\u0161ku odabranim organizacijama civilnog dru\u0161tva za projekte koji \u0107e podsta\u0107i i unaprediti participativne omladinske politike u zajednicama Zapadnog Balkana kroz podr\u0161ku omladinskim inicijativama i aktivnom u\u010de\u0161\u0107u mladih u pra\u0107enju reformi i omladinskih politika u regionu Zapadnog Balkana.<\/p>\n\n\n\n<p>Poziv je otvoren za organizacije civilnog dru\u0161tva registrovane u Albaniji, Bosni i Hercegovini, Kosovu*, Severnoj Makedoniji i Srbiji.<\/p>\n\n\n\n<p>Predlozi projekata u okviru ovog poziva bi\u0107e dostavljeni u dvostepenoj proceduri: 1. korak \u2013 concept i 2. korak \u2013 puna prijava.<\/p>\n\n\n\n<p>Rok za dostavljanje koncepta je 8. maj 2024. godine do 20:00 \u010dasova&nbsp;(po beogradskom vremenu).<\/p>\n\n\n\n<p>Predlozi projekata se podnose na engleskom, \u201eonlajn\u201c na e-mail adresu:&nbsp;<a href=\"mailto:youthfund@centaronline.org\">youthfund@centaronline.org<\/a><\/p>\n\n\n\n<p>Informativna sesija o ovom Pozivu bi\u0107e odr\u017eana&nbsp;<em>onlajn<\/em>, 12. aprila 2024. godine, od 12:00 do 13:30 \u010dasova (po beogradskom vremenu).<\/p>\n\n\n\n<p>MPI \u0107e organizovati, pored mogu\u0107e online sesije, in person info sesiju za zainteresovane OCD, koja \u0107e se odr\u017eati u Skripta IdeaLab (Emerika Bluma 9) 12. aprila 2024. godine u 12:00 sati. S obzirom da je kapacitet ograni\u010den, molimo da svoje prisustvo potvrdite \u0161to je prije mogu\u0107e na e-mail info@mpi.ba.<\/p>\n\n\n\n<p>Ako ste zainteresovani za u\u010de\u0161\u0107e u ovoj sesiji, popunite prijavu putem&nbsp;<a href=\"https:\/\/docs.google.com\/forms\/d\/1rhAk4zOEeJfpGYzG0MoO6wURdQp5mjRnTHvyK0f-R48\/viewform?edit_requested=true\" target=\"_blank\" rel=\"noreferrer noopener\">formulara<\/a>&nbsp;do 11. aprila 2024. godine.<\/p>\n\n\n\n<p>Pitanja koja zahtevaju dalja obja\u0161njenja mogu se poslati e-mailom najkasnije do 20. aprila 2024. godine na e-mail adresu&nbsp;<a href=\"mailto:youthfund@centaronline.org\">youthfund@centaronline.org<\/a><\/p>\n\n\n\n<p>Individualni odgovori \u0107e biti dostavljeni do 25. a.prila 2024. godine.<\/p>\n\n\n\n<p>U nastavku mo\u017eete prona\u0107i Smernice za podnosioce prijava i priloge potrebne za podno\u0161enje projekata.&nbsp;<\/p>\n\n\n\n<ul class=\"wp-block-list\">\n<li><a href=\"http:\/\/www.centaronline.org\/userfiles\/files\/preuzimanje\/2024-ryde-youth-fund-call\/Guidelines-for-applicants-Youth-Fund-for-Local-Youth-Initiatives.pdf\" target=\"_blank\" rel=\"noreferrer noopener\">Guidelines for applicants_Youth Fund for Local Youth Initiatives<\/a><\/li>\n\n\n\n<li><a href=\"http:\/\/www.centaronline.org\/userfiles\/files\/preuzimanje\/2024-ryde-youth-fund-call\/Annex-Ia-Concept-Note-Form.docx\" target=\"_blank\" rel=\"noreferrer noopener\">Annex Ia \u2013 Concept Note Form<\/a><\/li>\n\n\n\n<li><a href=\"http:\/\/www.centaronline.org\/userfiles\/files\/preuzimanje\/2024-ryde-youth-fund-call\/Annex-Ib-Full-Application-Form.docx\" target=\"_blank\" rel=\"noreferrer noopener\">Annex Ib \u2013 Full Application Form<\/a><\/li>\n\n\n\n<li><a href=\"http:\/\/www.centaronline.org\/userfiles\/files\/preuzimanje\/2024-ryde-youth-fund-call\/Annex-II-Detailed-Budget.xlsx\" target=\"_blank\" rel=\"noreferrer noopener\">Annex II \u2013 Detailed Budget<\/a><\/li>\n\n\n\n<li><a href=\"http:\/\/www.centaronline.org\/userfiles\/files\/preuzimanje\/2024-ryde-youth-fund-call\/Annex-III-Logical-framework.docx\" target=\"_blank\" rel=\"noreferrer noopener\">Annex III \u2013 Logical framework<\/a><\/li>\n\n\n\n<li><a href=\"http:\/\/www.centaronline.org\/userfiles\/files\/preuzimanje\/2024-ryde-youth-fund-call\/Annex-IV-Declaration-by-the-Grant-Applicant.docx\" target=\"_blank\" rel=\"noreferrer noopener\">Annex IV \u2013 Declaration by the Grant Applicant<\/a><\/li>\n\n\n\n<li><a href=\"http:\/\/www.centaronline.org\/userfiles\/files\/preuzimanje\/2024-ryde-youth-fund-call\/Annex-V-Declaration-on-partnership-by-the-Associate-Partner.docx\" target=\"_blank\" rel=\"noreferrer noopener\">Annex V \u2013 Declaration on partnership by the Associate Partner<\/a><\/li>\n<\/ul>\n\n\n\n<p><em>Omladinski fond \u201eLokalne inicijative mladih\u201c je finansijska podr\u0161ka tre\u0107im licima, odnosno \u201esub-granting\u201c aktivnost u okviru trogodi\u0161njeg regionalnog projekta \u201eRegionalni dijalog mladih za Evropu\u201c, koji finansira Evropska unija u periodu 2023-2026. Projekat \u201eRegionalni dijalog mladih za Evropu\u201c se finansira kroz Program EU za civilno dru\u0161tvo i medije u korist Zapadnog Balkana i Turske za 2021-2023 (IPA III), a sprovodi ga Fondacija Centar za demokratiju iz Srbije kao vode\u0107i partner u saradnji sa partnerskim organizacijama civilnog dru\u0161tva sa Zapadnog Balkana: Akademija za evropske integracije i pregovore (Albanija), Omladinski centar (Albanija), Kosovska inicijativa za stabilnost (Kosovo*), Mre\u017ea progresivnih inicijativa (Bosna i Hercegovina), Fondacija NVO Info centar (Severna Makedonija) i Regionalna akademija za demokratski razvoj (Srbija).\u00a0<\/em><\/p>\n\n\n\n<p>Preuzeto sa: <a href=\"https:\/\/mpi.ba\/otvoren-je-poziv-za-podnosenje-prijedloga-projekata-za-omladinski-fond-lokalne-inicijative-mladih\/\" target=\"_blank\" rel=\"noreferrer noopener\">mpi.ba<\/a><\/p>\n","protected":false},"excerpt":{"rendered":"<p>Regionalni dijalog mladih za Evropu Objavljujemo otvoreni&nbsp;poziv za podno\u0161enje predloga projekata za Omladinski fond \u201eLokalne inicijative mladih\u201cu okviru projekta&nbsp;Regionalni dijalog<\/p>\n","protected":false},"author":1,"featured_media":38952,"comment_status":"closed","ping_status":"open","sticky":false,"template":"","format":"standard","meta":{"om_disable_all_campaigns":false,"_monsterinsights_skip_tracking":false,"_monsterinsights_sitenote_active":false,"_monsterinsights_sitenote_note":"","_monsterinsights_sitenote_category":0,"footnotes":""},"categories":[7,8692],"tags":[12860,12859,38],"class_list":["post-38973","post","type-post","status-publish","format-standard","has-post-thumbnail","hentry","category-grantovi","category-izdvajamo","tag-lokalne-inicijative-mladih","tag-omladinski-fond","tag-projekti"],"jetpack_featured_media_url":"https:\/\/www.mladibl.com\/wp-content\/uploads\/2024\/04\/Otvoren-je-Poziv-za-podnosenje-prijedloga-projekata-za-Omladinski-fond-\u201eLokalne-inicijative-mladih.jpg","amp_enabled":true,"_links":{"self":[{"href":"https:\/\/www.mladibl.com\/index.php?rest_route=\/wp\/v2\/posts\/38973","targetHints":{"allow":["GET"]}}],"collection":[{"href":"https:\/\/www.mladibl.com\/index.php?rest_route=\/wp\/v2\/posts"}],"about":[{"href":"https:\/\/www.mladibl.com\/index.php?rest_route=\/wp\/v2\/types\/post"}],"author":[{"embeddable":true,"href":"https:\/\/www.mladibl.com\/index.php?rest_route=\/wp\/v2\/users\/1"}],"replies":[{"embeddable":true,"href":"https:\/\/www.mladibl.com\/index.php?rest_route=%2Fwp%2Fv2%2Fcomments&post=38973"}],"version-history":[{"count":1,"href":"https:\/\/www.mladibl.com\/index.php?rest_route=\/wp\/v2\/posts\/38973\/revisions"}],"predecessor-version":[{"id":38974,"href":"https:\/\/www.mladibl.com\/index.php?rest_route=\/wp\/v2\/posts\/38973\/revisions\/38974"}],"wp:featuredmedia":[{"embeddable":true,"href":"https:\/\/www.mladibl.com\/index.php?rest_route=\/wp\/v2\/media\/38952"}],"wp:attachment":[{"href":"https:\/\/www.mladibl.com\/index.php?rest_route=%2Fwp%2Fv2%2Fmedia&parent=38973"}],"wp:term":[{"taxonomy":"category","embeddable":true,"href":"https:\/\/www.mladibl.com\/index.php?rest_route=%2Fwp%2Fv2%2Fcategories&post=38973"},{"taxonomy":"post_tag","embeddable":true,"href":"https:\/\/www.mladibl.com\/index.php?rest_route=%2Fwp%2Fv2%2Ftags&post=38973"}],"curies":[{"name":"wp","href":"https:\/\/api.w.org\/{rel}","templated":true}]}}