{"id":38879,"date":"2024-04-08T08:21:12","date_gmt":"2024-04-08T06:21:12","guid":{"rendered":"https:\/\/www.mladibl.com\/?p=38879"},"modified":"2024-04-08T08:31:53","modified_gmt":"2024-04-08T06:31:53","slug":"javni-poziv-za-ucesce-u-obuci-uci-misli-i-djeluj-obuka-za-nastavno-i-strucno-osoblje-srednjih-skola","status":"publish","type":"post","link":"https:\/\/www.mladibl.com\/?p=38879","title":{"rendered":"Javni poziv za u\u010de\u0161\u0107e u obuci: U\u010di, Misli i Djeluj! obuka za nastavno i stru\u010dno osoblje srednjih \u0161kola"},"content":{"rendered":"\n<p>O INSTITUTU<\/p>\n\n\n\n<p>Institut za razvoj mladih KULT (u daljem tekstu: Institut) jedna je od vode\u0107ih nevladinih organizacija u Bosni i Hercegovini koja preko dvije decenije aktivno provodi razli\u010dite inicijative usmjerene ka unaprije\u0111enju polo\u017eaja mladih i kreiranju dru\u0161tva u kojem mladi mogu da ostvare svoj puni potencijal. Na tom putu Institut blisko sara\u0111uje sa svim nivoima vlasti u BiH, drugim organizacijama civilnog dru\u0161tva, omladinskim radnicima, slu\u017ebenicima za mlade, mladim politi\u010darima i mladima. Za bolji polo\u017eaj mladih u dru\u0161tvu i njihovo puno u\u010de\u0161\u0107e u dru\u0161tvu va\u017enu kariku predstavlja i nastavno i stru\u010dno osoblje srednjih \u0161kola, odnosno osobe koje rade s mladima u formalnom sistemu obrazovanja i tako podr\u017eavaju njihov razvoj.<\/p>\n\n\n\n<p>O OBUCI<\/p>\n\n\n\n<p>U\u010di, misli i djeluj! za nastavno i stru\u010dno osoblje srednjih \u0161kola je obuka neformalnog obrazovanja namijenjena odraslima koji u formalnom obrazovanju direktno rade s djecom i mladima. Ovaj program obuke nastao je kao odgovor na potrebu za pru\u017eanjem podr\u0161ke nastavnom i stru\u010dnom osoblju srednjih \u0161kola u razvoju kompetencija potrebnih za uspje\u0161no planiranje i realizaciju procesa u\u010denja i podu\u010davanja zasnovanog na principima iskustvenog i servisnog u\u010denja, kori\u0161tenje u\u010dinkovite i relevantne metode i strategije podu\u010davanja i stvaranje sigurnog i stimulativnog okru\u017eenja u kojem \u0107e se u\u010denici osje\u0107ati podr\u017eano i motivirano, a ujedno biti osposobljeni da u\u010de cijeloga \u017eivota i iz zajednice u kojoj djeluju.<\/p>\n\n\n\n<p>Program obuke sastoji se od 40 radnih sati raspore\u0111enih u 3 obavezna modula obuke. Pored toga, obuka sadr\u017eava zada\u0107u, kra\u0107e studijske posjete, inspirativna predavanja i pismeni ispit. Prvi i drugi modul traju po 3 radna dana, a tre\u0107i modul 4 radna dana.<\/p>\n\n\n\n<p>Obuka ima interaktivan metodolo\u0161ki pristup kroz koji polaznici imaju priliku dijeliti iskustva i dati sugestije za razvoj obuke. Svaki modul uklju\u010duje teorijski dio, primjenu znanja u okviru programa obuke i prakti\u010dni rad.<\/p>\n\n\n\n<p>Polaznik koji u\u010destvuje u najmanje 80% programa obuke i polo\u017ei zavr\u0161ni ispit mo\u017ee ste\u0107i certifikat.<\/p>\n\n\n\n<p>Kroz obuku polaznici se osposobljavaju i za provedbu projekata i aktivnosti zajedno sa u\u010denicima u \u0161koli i zajednici, te drugim stru\u010dnim osobljem \u0161kole. Program obuke pokriva putne tro\u0161kove, tro\u0161kove smje\u0161taja na bazi punog pansiona i radne materijale.<\/p>\n\n\n\n<p>KO SE MO\u017dE PRIJAVITI?<\/p>\n\n\n\n<p>Program obuke namijenjen je nastavnom osoblju (profesorima i profesoricama) srednjih \u0161kola, ali i upravi \u0161kola, stru\u010dnim saradnicima (pedagozima, psiholozima, socijalnim radnicima), te savjetnicima u pedago\u0161kim zavodima koji mogu podr\u017eati profesionalni razvoj nastavnog osoblja.<\/p>\n\n\n\n<p>Na obuku se mogu prijaviti sve osobe koje ispunjavaju sljede\u0107e uslove:<\/p>\n\n\n\n<ul class=\"wp-block-list\">\n<li>nastanjene su u Bosni i Hercegovini i imaju zavr\u0161eno formalno obrazovanje za rad u \u0161kolama,<\/li>\n\n\n\n<li>u radnom su odnosu kao nastavno ili stru\u010dno osoblje u nekoj od srednjih \u0161kola u Bosni i Hercegovini i imaju saglasnost uprave\/direktora \u0161kole za u\u010de\u0161\u0107e u obuci,<\/li>\n\n\n\n<li>spremne su sara\u0111ivati sa lokalnim obrazovnim institucijama, organizacijama koje okupljaju mlade i lokalnim slu\u017ebenikom za mlade.<\/li>\n<\/ul>\n\n\n\n<p>Potrebna dokumentacija<\/p>\n\n\n\n<p>Kako bi se prijavili za u\u010de\u0161\u0107e u obuci, zainteresovani kandidati treba da:<\/p>\n\n\n\n<p>Popune online prijavni obrazac koji je mogu\u0107e prona\u0107i na linku:<\/p>\n\n\n\n<p><strong><a href=\"https:\/\/app.smartsheet.com\/b\/form\/b61982b80b7d420b98634bb98d2bb270\" target=\"_blank\" rel=\"noreferrer noopener\">https:\/\/app.smartsheet.com\/b\/form\/b61982b80b7d420b98634bb98d2bb270<\/a><\/strong><\/p>\n\n\n\n<p>Prilo\u017ee pisano odobrenje za poha\u0111anje obuke od uprave\/direktora srednje \u0161kole (ovjeren poseban dokument s odobrenjem).<\/p>\n\n\n\n<p>TRAJANJE OBUKE I RASPORED MODULA<\/p>\n\n\n\n<p>Obuka traje od juna 2024. godine do jula 2025. godine uklju\u010duju\u0107i i zavr\u0161ni rad.<\/p>\n\n\n\n<p>Program obuke se sastoji od tri modula, od kojih se prvi odnosi na razumijevanje samih u\u010denika, na\u010dina na koji u\u010de te stjecanje osnovnih znanja u vezi s iskustvenim u\u010denjem. Drugi modul ulazi u dubinu planiranja i realizacije iskustvenog u\u010denja, omogu\u0107avaju\u0107i polaznicima da primijene mnogobrojne strategije i metode koje poti\u010du razvoj kriti\u010dkog promi\u0161ljanja i rje\u0161avanja problema, dok se tre\u0107i modul bavi iskustvenim u\u010denjem u stvarnim situacijama u zajednici i \u0161ire, s posebnim fokusom na servisno u\u010denje.<\/p>\n\n\n\n<p>Nakon svakog modula predvi\u0111ene su aktivnosti koje polaznicima omogu\u0107avaju da odmah u praksi primjene nau\u010deno, kako bi na po\u010detku sljede\u0107eg modula zajedni\u010dki analizirali ste\u010deno iskustvo i promi\u0161ljali kako ga mogu prenijeti i na druge situacije. Interaktivni rad, metode neformalnog obrazovanja i razmjena iskustva sastavni su dio programa ove obuke.<\/p>\n\n\n\n<p>Obuka, pored radnog dijela, sadr\u017ei i niz sadr\u017eaja kroz koji \u0107e polaznici imati priliku razmjenjivati svoja profesionalna i \u017eivotna iskustva i dru\u017eiti se. Tokom obuke polaznici \u0107e imati priliku da ste\u010dena znanja prakti\u010dno primjene i da djeluju u svojoj lokalnoj zajednici s ciljem pobolj\u0161anja polo\u017eaja mladih. Provo\u0111enjem lokalne gra\u0111anske inicijative (LGI) kao polaznici \u0107e imati priliku da naprave promjenu koja je potrebna \u0161koli, u\u010denicima i zajednici. Lokalnu gra\u0111ansku inicijativu polaznici \u0107e osmi\u0161ljati zajedno sa u\u010denicima, a cjelokupan proces provo\u0111enja \u0107e savjetodavno i finansijski podr\u017eati Institut.<\/p>\n\n\n\n<p>Moduli obuke \u0107e se odr\u017eati po sljede\u0107em rasporedu:<\/p>\n\n\n\n<p><strong>Modul I \u2013 od 24. do 26. juna 2024. g.<\/strong><\/p>\n\n\n\n<p><strong>Modul II \u2013 od 23. do 25. septembra 2024. g.<\/strong><\/p>\n\n\n\n<p><strong>Modul III \u2013 od 21. do 24. oktobra 2024. g.<\/strong><\/p>\n\n\n\n<p>Napomena: Institut zadr\u017eava pravo da, u slu\u010daju objektivnih okolnosti, promijeni termine odr\u017eavanja modula o \u010demu \u0107e polaznici obuke biti blagovremeno obavije\u0161teni.<\/p>\n\n\n\n<p>TRO\u0160KOVI OBUKE<\/p>\n\n\n\n<p>Institut snosi tro\u0161kove smje\u0161taja, hrane i prijevoza za vrijeme obuke.<\/p>\n\n\n\n<p>Za organizaciju testiranja i certificiranja potrebno je prije po\u010detka prvog modula uplatiti participaciju u iznosu od 58,50 KM (sa PDV-om). Participaciju mo\u017ee platiti sam u\u010desnik ili \u0161kola za u\u010desnika. Za participaciju organizator izdaje odgovaraju\u0107i ra\u010dun. Instrukcije za pla\u0107anje na \u017eirora\u010dun bit \u0107e dostavljene odabranim polaznicima koji potvrde u\u010de\u0161\u0107e u obuci. Participacija se pla\u0107a samo jednom, prije po\u010detka prvog modula i ona va\u017ei za cijelo trajanje obuke.<\/p>\n\n\n\n<p>ROK ZA PRIJAVE<\/p>\n\n\n\n<p>Zainteresovani kandidati mogu se prijaviti najkasnije do&nbsp;<strong>28.4.2024. godine do 23.59 sati<\/strong>.<\/p>\n\n\n\n<p>Prijave koje ne pristignu do nazna\u010denog roka ne\u0107e se razmatrati. Institut za razvoj mladih KULT \u0107e sve prijavljene kandidate obavijestiti o ishodu. Sa svim odabranim polaznicima bit \u0107e potpisan ugovor o u\u010de\u0161\u0107u u obuci.<\/p>\n\n\n\n<p>Za sve zainteresovane kandidate koji imaju pitanja u vezi sa programom obuke, Institut organizuje online info sesiju na kojoj kandidati mogu saznati sve \u0161to ih zanima. Online info sesija odr\u017eat \u0107e se u \u010detvrtak, 11. aprila 2024. godine u 17.00 sati, a registrovati se mo\u017ee\u0161 na linku:<\/p>\n\n\n\n<p><strong><a href=\"https:\/\/us06web.zoom.us\/j\/82805151255?pwd=WOUEOh21MgL26RwRZLWxKdeBaURnOD.1\" target=\"_blank\" rel=\"noreferrer noopener\">https:\/\/us06web.zoom.us\/j\/82805151255?pwd=WOUEOh21MgL26RwRZLWxKdeBaURnOD.1<\/a><\/strong><\/p>\n\n\n\n<p>Dodatne informacije o U\u010di, Misli i Djeluj! obuci za nastavno i stru\u010dno osoblje srednjih \u0161kola i Javnom pozivu za u\u010de\u0161\u0107e u obuci mogu se dobiti putem emaila&nbsp;<a href=\"mailto:zorana.tovilovic@kultbih.org\">zorana.tovilovic@kultbih.org<\/a>&nbsp;ili broja telefona 033 778 765.<\/p>\n\n\n\n<p>Tekst javnog poziva dostupan je\u00a0<strong><a href=\"https:\/\/mladi.org\/storage\/2024\/04\/Javni-poziv-UMiD-obuka-za-nastavno-i-strucno-osoblje-srednjih-skola.pdf\" target=\"_blank\" rel=\"noreferrer noopener\">OVDJE<\/a><\/strong>.<\/p>\n\n\n\n<p>NAPOMENA: Izrazi koji su radi preglednosti dati u jednom gramati\u010dkom rodu bez diskriminacije se odnose jednako na osobe svih rodova.<\/p>\n\n\n\n<p>Preuzeto sa: <a href=\"https:\/\/mladi.org\/javni-poziv-za-ucesce-u-obuci-uci-misli-i-djeluj-obuka-za-nastavno-i-strucno-osoblje-srednjih-skola\/\" data-type=\"link\" data-id=\"https:\/\/mladi.org\/javni-poziv-za-ucesce-u-obuci-uci-misli-i-djeluj-obuka-za-nastavno-i-strucno-osoblje-srednjih-skola\/\" target=\"_blank\" rel=\"noreferrer noopener\">mladi.org<\/a><\/p>\n","protected":false},"excerpt":{"rendered":"<p>O INSTITUTU Institut za razvoj mladih KULT (u daljem tekstu: Institut) jedna je od vode\u0107ih nevladinih organizacija u Bosni i<\/p>\n","protected":false},"author":1,"featured_media":38864,"comment_status":"closed","ping_status":"open","sticky":false,"template":"","format":"standard","meta":{"om_disable_all_campaigns":false,"_monsterinsights_skip_tracking":false,"_monsterinsights_sitenote_active":false,"_monsterinsights_sitenote_note":"","_monsterinsights_sitenote_category":0,"footnotes":""},"categories":[4,8692],"tags":[11285,325,9453,298,7679],"class_list":["post-38879","post","type-post","status-publish","format-standard","has-post-thumbnail","hentry","category-edukacija","category-izdvajamo","tag-nastavno","tag-obuka","tag-osoblje","tag-srednje-skole","tag-uci-misli-i-djeluj"],"jetpack_featured_media_url":"https:\/\/www.mladibl.com\/wp-content\/uploads\/2024\/04\/Javni-poziv-za-ucesce-u-obuci_-Uci-Misli-i-Djeluj-obuka-za-nastavno-i-strucno-osoblje-srednjih-skola.jpg","amp_enabled":true,"_links":{"self":[{"href":"https:\/\/www.mladibl.com\/index.php?rest_route=\/wp\/v2\/posts\/38879","targetHints":{"allow":["GET"]}}],"collection":[{"href":"https:\/\/www.mladibl.com\/index.php?rest_route=\/wp\/v2\/posts"}],"about":[{"href":"https:\/\/www.mladibl.com\/index.php?rest_route=\/wp\/v2\/types\/post"}],"author":[{"embeddable":true,"href":"https:\/\/www.mladibl.com\/index.php?rest_route=\/wp\/v2\/users\/1"}],"replies":[{"embeddable":true,"href":"https:\/\/www.mladibl.com\/index.php?rest_route=%2Fwp%2Fv2%2Fcomments&post=38879"}],"version-history":[{"count":1,"href":"https:\/\/www.mladibl.com\/index.php?rest_route=\/wp\/v2\/posts\/38879\/revisions"}],"predecessor-version":[{"id":38880,"href":"https:\/\/www.mladibl.com\/index.php?rest_route=\/wp\/v2\/posts\/38879\/revisions\/38880"}],"wp:featuredmedia":[{"embeddable":true,"href":"https:\/\/www.mladibl.com\/index.php?rest_route=\/wp\/v2\/media\/38864"}],"wp:attachment":[{"href":"https:\/\/www.mladibl.com\/index.php?rest_route=%2Fwp%2Fv2%2Fmedia&parent=38879"}],"wp:term":[{"taxonomy":"category","embeddable":true,"href":"https:\/\/www.mladibl.com\/index.php?rest_route=%2Fwp%2Fv2%2Fcategories&post=38879"},{"taxonomy":"post_tag","embeddable":true,"href":"https:\/\/www.mladibl.com\/index.php?rest_route=%2Fwp%2Fv2%2Ftags&post=38879"}],"curies":[{"name":"wp","href":"https:\/\/api.w.org\/{rel}","templated":true}]}}