{"id":38666,"date":"2024-03-29T08:59:53","date_gmt":"2024-03-29T06:59:53","guid":{"rendered":"https:\/\/www.mladibl.com\/?p=38666"},"modified":"2024-03-29T08:59:59","modified_gmt":"2024-03-29T06:59:59","slug":"konkurs-za-izradu-likovnih-i-literarnih-radova-o-temi-moj-grad","status":"publish","type":"post","link":"https:\/\/www.mladibl.com\/?p=38666","title":{"rendered":"Konkurs za izradu likovnih i literarnih radova o temi \u201eMoj grad\u201c"},"content":{"rendered":"\n<p>Grad Banja Luka pozvao je pred\u0161kolce&nbsp;banjalu\u010dkih vrti\u0107a i u\u010denike petih razreda osnovnih \u0161kola sa podru\u010dja grada Banja Luka \u2013 da se uklju\u010de u obilje\u017eavanje Dana grada izradom literarnih i likovnih radova o temi \u201eMoj grad\u201c.<\/p>\n\n\n\n<p>Kao i prethodnih, i ove godine je planiran bogat i raznovrstan program \u201eProlje\u0107a u Banjoj Luci 2024\u201c, u okviru kojeg je i obilje\u017eavanje i proslava povodom Dana grada.<\/p>\n\n\n\n<p>Shodno tome, upu\u0107en je poziv JU Centr za pred\u0161kolsko vaspitanje i obrazovanje da se pridru\u017ei takmi\u010denju u izradi likovnih radova o temi \u201eMoj grad\u201c.. Najbolji rad odabra\u0107e interna komisija sastavljena od vaspita\u010da, a izabrane radove &nbsp;je potrebno dostaviti u Odjeljenje za dru\u0161tvene djelatnosti (svaki vrti\u0107 mo\u017ee da u\u010destvuje sa svojim radom), kancelarija broj 23, najkasnije do 13. aprila 2024. godine.<\/p>\n\n\n\n<p>Tako\u0111e, poziv je upu\u0107en i osnovnim \u0161kolama da se iu\u010denici petog razreda pridru\u017ee, i to izradom likovnog ili literarnog rada o temi \u201eMoj grad\u201c. Najbolje radove je tako\u0111e potrebno dostaviti u Odjeljenje za dru\u0161tvene djelatnosti, kancelarija broj 23, najkasnije do 13. aprila 2024. godine. Najbolja tri rada iz obje kategorije (po tri likovna i tri literarna rada), odabra\u0107e \u0161kolska komisija sastavljena od u\u010ditelja svih petih razreda.<\/p>\n\n\n\n<p>Svi pristigli radovi bi\u0107e izlo\u017eeni u Domu omladine, a prilikom otvaranja izlo\u017ebe, gradona\u010delnik Dra\u0161ko Stanivukovi\u0107 \u0107e po tri najbolja rada nagraditi i prigodnim nov\u010danim nagradama.<\/p>\n\n\n\n<p>Preuzeto sa: <a href=\"https:\/\/www.banjaluka.rs.ba\/konkurs-za-izradu-likovnih-i-literarnih-radova-o-temi-moj-grad\/\" target=\"_blank\" rel=\"noreferrer noopener\">Grad Banja Luka<\/a><\/p>\n","protected":false},"excerpt":{"rendered":"<p>Grad Banja Luka pozvao je pred\u0161kolce&nbsp;banjalu\u010dkih vrti\u0107a i u\u010denike petih razreda osnovnih \u0161kola sa podru\u010dja grada Banja Luka \u2013 da<\/p>\n","protected":false},"author":1,"featured_media":38667,"comment_status":"closed","ping_status":"open","sticky":false,"template":"","format":"standard","meta":{"om_disable_all_campaigns":false,"_monsterinsights_skip_tracking":false,"_monsterinsights_sitenote_active":false,"_monsterinsights_sitenote_note":"","_monsterinsights_sitenote_category":0,"footnotes":""},"categories":[2],"tags":[306,3075,3732,12814,531],"class_list":["post-38666","post","type-post","status-publish","format-standard","has-post-thumbnail","hentry","category-vijesti","tag-konkurs","tag-likovni","tag-literarni","tag-moj-grad","tag-radovi"],"jetpack_featured_media_url":"https:\/\/www.mladibl.com\/wp-content\/uploads\/2024\/03\/Konkurs-za-izradu-likovnih-i-literarnih-radova-o-temi-\u201eMoj-grad.jpg","amp_enabled":true,"_links":{"self":[{"href":"https:\/\/www.mladibl.com\/index.php?rest_route=\/wp\/v2\/posts\/38666","targetHints":{"allow":["GET"]}}],"collection":[{"href":"https:\/\/www.mladibl.com\/index.php?rest_route=\/wp\/v2\/posts"}],"about":[{"href":"https:\/\/www.mladibl.com\/index.php?rest_route=\/wp\/v2\/types\/post"}],"author":[{"embeddable":true,"href":"https:\/\/www.mladibl.com\/index.php?rest_route=\/wp\/v2\/users\/1"}],"replies":[{"embeddable":true,"href":"https:\/\/www.mladibl.com\/index.php?rest_route=%2Fwp%2Fv2%2Fcomments&post=38666"}],"version-history":[{"count":1,"href":"https:\/\/www.mladibl.com\/index.php?rest_route=\/wp\/v2\/posts\/38666\/revisions"}],"predecessor-version":[{"id":38668,"href":"https:\/\/www.mladibl.com\/index.php?rest_route=\/wp\/v2\/posts\/38666\/revisions\/38668"}],"wp:featuredmedia":[{"embeddable":true,"href":"https:\/\/www.mladibl.com\/index.php?rest_route=\/wp\/v2\/media\/38667"}],"wp:attachment":[{"href":"https:\/\/www.mladibl.com\/index.php?rest_route=%2Fwp%2Fv2%2Fmedia&parent=38666"}],"wp:term":[{"taxonomy":"category","embeddable":true,"href":"https:\/\/www.mladibl.com\/index.php?rest_route=%2Fwp%2Fv2%2Fcategories&post=38666"},{"taxonomy":"post_tag","embeddable":true,"href":"https:\/\/www.mladibl.com\/index.php?rest_route=%2Fwp%2Fv2%2Ftags&post=38666"}],"curies":[{"name":"wp","href":"https:\/\/api.w.org\/{rel}","templated":true}]}}