{"id":38412,"date":"2024-03-19T09:36:23","date_gmt":"2024-03-19T07:36:23","guid":{"rendered":"https:\/\/www.mladibl.com\/?p=38412"},"modified":"2024-03-19T09:36:25","modified_gmt":"2024-03-19T07:36:25","slug":"unaprijediti-zaposljavanje-mladih","status":"publish","type":"post","link":"https:\/\/www.mladibl.com\/?p=38412","title":{"rendered":"Unaprijediti zapo\u0161ljavanje mladih"},"content":{"rendered":"\n<p>\u200bMinistar rada i bora\u010dko-invalidske za\u0161tite Republike Srpske Danijel Egi\u0107 izjavio je danas u Banjaluci da je ovo ministarstvo opredijeljeno za realizaciju svakog projekta koji \u0107e zadr\u017eati radnu snagu u Srpskoj, poput projekta &#8220;Garancija za mlade&#8221;.<\/p>\n\n\n\n<p>Egi\u0107 je istakao da je resorno ministarstvo zavr\u0161ilo akcioni plan za ovaj projekat, te da se \u010deka da to isto uradi i Federacija BiH da bi mogli pristupiti daljim aktivnostima.<\/p>\n\n\n\n<p>&#8220;S obzirom na migracije radne snage, u\u010dini\u0107emo sve da u\u010destvujemo u svakom projektu koji \u0107e odgoditi ili zaustaviti odlazak mladih&#8221;, rekao je Egi\u0107 novinarima uo\u010di sastanka sa delegacijom Me\u0111unarodne organizacije rada.<\/p>\n\n\n\n<p>Koordinator ove organizacije za BiH Lejla Tanovi\u0107 pohvalila je aktivnosti Ministarstva u vezi sa izradom akcionog plana, te objasnila da projekat &#8220;Garancija za mlade&#8221; ima za cilj da pomogne mladima koji su zavr\u0161ili \u0161kolu da na\u0111u posao ili nastave \u0161kolovanje i to u roku od \u010detiri mjeseca nakon zavr\u0161etka \u0161kolovanja.<\/p>\n\n\n\n<p>Ona je navela da je u toku i realizacija &#8220;EU za zapo\u0161ljavanje&#8221; koji se bavi biroima za zapo\u0161ljavanje s ciljem unapre\u0111enja zapo\u0161ljavanja vulnerabilnih grupa &#8211; \u017eena, mladih, Roma i osoba sa invaliditetom, kao i druga faza projekta &#8220;Lokalno partnerstvo za zapo\u0161ljavanje&#8221; koji podrazumijeva formiranje n partnerstava izme\u0111u lokalnih zajednica, biroa za zapo\u0161ljavanje, poslodavaca i \u0161kola.<\/p>\n\n\n\n<p>&#8220;Cilj je da se na lokalnom nivou prepoznaju zanimanja koja nedostaju i za koja se mogu obu\u010diti ljudi registrovani na birou za zapo\u0161ljavanje. Oni mogu da dobiju i grant sredstva da pokrenu vlastite biznise i do sada smo bili veoma uspje\u0161ni u tome&#8221;, rekla je Tanovi\u0107eva.<\/p>\n\n\n\n<p>Egi\u0107 i Tanovi\u0107eva o\u010dekuju da saradnja Ministarstva rada i bora\u010dko-invalidske za\u0161tite i Me\u0111unarodne organizacije rada bude uspje\u0161na i u narednom periodu.<\/p>\n\n\n\n<p>Preuzeto sa: <a href=\"https:\/\/vladars.rs\/sr-SP-Cyrl\/Vlada\/Ministarstva\/mpb\/media\/vijesti\/Pages\/mor.aspx\" target=\"_blank\" rel=\"noreferrer noopener\">Ministarstvo rada i bora\u010dko-invalidske za\u0161tite<\/a><\/p>\n","protected":false},"excerpt":{"rendered":"<p>\u200bMinistar rada i bora\u010dko-invalidske za\u0161tite Republike Srpske Danijel Egi\u0107 izjavio je danas u Banjaluci da je ovo ministarstvo opredijeljeno za<\/p>\n","protected":false},"author":1,"featured_media":38413,"comment_status":"closed","ping_status":"open","sticky":false,"template":"","format":"standard","meta":{"om_disable_all_campaigns":false,"_monsterinsights_skip_tracking":false,"_monsterinsights_sitenote_active":false,"_monsterinsights_sitenote_note":"","_monsterinsights_sitenote_category":0,"footnotes":""},"categories":[2],"tags":[12776,33,3949,118],"class_list":["post-38412","post","type-post","status-publish","format-standard","has-post-thumbnail","hentry","category-vijesti","tag-gradancija-za-mlade","tag-mladi","tag-unaprijediti","tag-zaposljavanje"],"jetpack_featured_media_url":"https:\/\/www.mladibl.com\/wp-content\/uploads\/2024\/03\/Unaprijediti-zaposljavanje-mladih.jpg","amp_enabled":true,"_links":{"self":[{"href":"https:\/\/www.mladibl.com\/index.php?rest_route=\/wp\/v2\/posts\/38412","targetHints":{"allow":["GET"]}}],"collection":[{"href":"https:\/\/www.mladibl.com\/index.php?rest_route=\/wp\/v2\/posts"}],"about":[{"href":"https:\/\/www.mladibl.com\/index.php?rest_route=\/wp\/v2\/types\/post"}],"author":[{"embeddable":true,"href":"https:\/\/www.mladibl.com\/index.php?rest_route=\/wp\/v2\/users\/1"}],"replies":[{"embeddable":true,"href":"https:\/\/www.mladibl.com\/index.php?rest_route=%2Fwp%2Fv2%2Fcomments&post=38412"}],"version-history":[{"count":1,"href":"https:\/\/www.mladibl.com\/index.php?rest_route=\/wp\/v2\/posts\/38412\/revisions"}],"predecessor-version":[{"id":38414,"href":"https:\/\/www.mladibl.com\/index.php?rest_route=\/wp\/v2\/posts\/38412\/revisions\/38414"}],"wp:featuredmedia":[{"embeddable":true,"href":"https:\/\/www.mladibl.com\/index.php?rest_route=\/wp\/v2\/media\/38413"}],"wp:attachment":[{"href":"https:\/\/www.mladibl.com\/index.php?rest_route=%2Fwp%2Fv2%2Fmedia&parent=38412"}],"wp:term":[{"taxonomy":"category","embeddable":true,"href":"https:\/\/www.mladibl.com\/index.php?rest_route=%2Fwp%2Fv2%2Fcategories&post=38412"},{"taxonomy":"post_tag","embeddable":true,"href":"https:\/\/www.mladibl.com\/index.php?rest_route=%2Fwp%2Fv2%2Ftags&post=38412"}],"curies":[{"name":"wp","href":"https:\/\/api.w.org\/{rel}","templated":true}]}}