{"id":3826,"date":"2020-11-04T09:01:10","date_gmt":"2020-11-04T07:01:10","guid":{"rendered":"http:\/\/www.mladibl.com\/?p=3826"},"modified":"2020-11-04T09:01:12","modified_gmt":"2020-11-04T07:01:12","slug":"potpisan-ugovor-o-obnovi-sahat-kule","status":"publish","type":"post","link":"https:\/\/www.mladibl.com\/?p=3826","title":{"rendered":"Potpisan ugovor o obnovi Sahat kule"},"content":{"rendered":"\n<p>Sahat kula, jedan od simbola Banje Luke, ponovo \u0107e se \u201ena\u0107i\u201c uz Ferhat-pa\u0161inu d\u017eamiju u Banjoj Luci, nakon \u0161to je danas potpisan ugovor o njenoj izgradnji. U ime Grada Banje Luke, koji \u0107e obezbijediti sve potrebne dozvole, ugovor je potpisao gradona\u010delnik Igor Radoji\u010di\u0107, dok \u0107e radove finansirati Vakufska direkcija.<\/p>\n\n\n\n<p>Izra\u017eavam zadovoljstvo zbog potpisivanja ugovora o obnovi Sahat kule u Banjoj Luci, a i dana\u0161nje potpisivanje je prakti\u010dno obavljeno putem video konfererncije na relaciji Banja Luka \u2013 Sarajevo \u2013 Ankara.<\/p>\n\n\n\n<p>Partneri u poslu su Vakufska direkcija koja \u0107e realizovati i finansirati projekat, zatim Grad Banja Luka koji \u0107e obezbijediti sve neophodne dozvole i Muftijsstvo banjalu\u010dko. Sahat kula je u Banjoj Luci stajala skoro pola milenijuma, a sru\u0161ena je 1993. godine.<\/p>\n\n\n\n<p>Obnovom je predvi\u0111eno njeno vra\u0107anje na staru lokaciju pored Ferhat-pa\u0161ine d\u017eamije. Sahat kula je jedan od simbola grada, dio kulturnog blaga i hvala svima koji \u0107e pomo\u0107i da se taj simbol obnovi \u2013 rekao je Radoji\u010di\u0107.<\/p>\n\n\n\n<p>Muftija banjalu\u010dki Nusret Abdibegovi\u0107, kazao je da urbani dio grada ne \u010dine samo ljudi ve\u0107 i objekti, zgrade i istorijsko naslje\u0111e koje svaki grad ima i kojim se ponosi.<\/p>\n\n\n\n<p>Banjoj Luci \u0107emo vratiti njenu Sahat kulu i nadam se da \u0107emo time pru\u017eiti jo\u0161 ve\u0107u toplinu svima koji dolaze ovdje \u2013 naglasio je Abdibegovi\u0107.<\/p>\n\n\n\n<p>Senaid Zaimovi\u0107, direktor Vakufske direkcije Islamske zajednice u BiH, objasnio je da \u0107e se, nakon potpisivanja protokola o izgradnji Sahat kule u Banjoj Luci, pristupiti izradi projektne dokumentacije i pribavljanju dozvola.<\/p>\n\n\n\n<p>Nakon toga \u0107emo raspisati tender za izvo\u0111a\u010da radova. Vjerujemo da \u0107emo sve procedure zavr\u0161iti u \u0161to kra\u0107em roku i da \u0107emo krenuti sa obnovom Sahat kule \u2013 zaklju\u010dio je Zaimovi\u0107.<\/p>\n\n\n\n<p>Preuzeto sa: <a href=\"http:\/\/www.banjaluka.rs.ba\/%d0%bf%d0%be%d1%82%d0%bf%d0%b8%d1%81%d0%b0%d0%bd-%d1%83%d0%b3%d0%be%d0%b2%d0%be%d1%80-%d0%be-%d0%be%d0%b1%d0%bd%d0%be%d0%b2%d0%b8-%d1%81%d0%b0%d1%85%d0%b0%d1%82-%d0%ba%d1%83%d0%bb%d0%b5\/\" target=\"_blank\" rel=\"noreferrer noopener\" aria-label=\"Grad Banja Luka (opens in a new tab)\">Grad Banja Luka<\/a><\/p>\n","protected":false},"excerpt":{"rendered":"<p>Sahat kula, jedan od simbola Banje Luke, ponovo \u0107e se \u201ena\u0107i\u201c uz Ferhat-pa\u0161inu d\u017eamiju u Banjoj Luci, nakon \u0161to je<\/p>\n","protected":false},"author":1,"featured_media":3827,"comment_status":"closed","ping_status":"open","sticky":false,"template":"","format":"standard","meta":{"om_disable_all_campaigns":false,"_monsterinsights_skip_tracking":false,"_monsterinsights_sitenote_active":false,"_monsterinsights_sitenote_note":"","_monsterinsights_sitenote_category":0,"footnotes":""},"categories":[2],"tags":[27,782,1812],"class_list":["post-3826","post","type-post","status-publish","format-standard","has-post-thumbnail","hentry","category-vijesti","tag-grad-banja-luka","tag-obnova","tag-sahat-kula"],"jetpack_featured_media_url":"https:\/\/www.mladibl.com\/wp-content\/uploads\/2020\/11\/Potpisan-ugovor-o-obnovi-Sahat-kule.jpg","amp_enabled":true,"_links":{"self":[{"href":"https:\/\/www.mladibl.com\/index.php?rest_route=\/wp\/v2\/posts\/3826","targetHints":{"allow":["GET"]}}],"collection":[{"href":"https:\/\/www.mladibl.com\/index.php?rest_route=\/wp\/v2\/posts"}],"about":[{"href":"https:\/\/www.mladibl.com\/index.php?rest_route=\/wp\/v2\/types\/post"}],"author":[{"embeddable":true,"href":"https:\/\/www.mladibl.com\/index.php?rest_route=\/wp\/v2\/users\/1"}],"replies":[{"embeddable":true,"href":"https:\/\/www.mladibl.com\/index.php?rest_route=%2Fwp%2Fv2%2Fcomments&post=3826"}],"version-history":[{"count":1,"href":"https:\/\/www.mladibl.com\/index.php?rest_route=\/wp\/v2\/posts\/3826\/revisions"}],"predecessor-version":[{"id":3828,"href":"https:\/\/www.mladibl.com\/index.php?rest_route=\/wp\/v2\/posts\/3826\/revisions\/3828"}],"wp:featuredmedia":[{"embeddable":true,"href":"https:\/\/www.mladibl.com\/index.php?rest_route=\/wp\/v2\/media\/3827"}],"wp:attachment":[{"href":"https:\/\/www.mladibl.com\/index.php?rest_route=%2Fwp%2Fv2%2Fmedia&parent=3826"}],"wp:term":[{"taxonomy":"category","embeddable":true,"href":"https:\/\/www.mladibl.com\/index.php?rest_route=%2Fwp%2Fv2%2Fcategories&post=3826"},{"taxonomy":"post_tag","embeddable":true,"href":"https:\/\/www.mladibl.com\/index.php?rest_route=%2Fwp%2Fv2%2Ftags&post=3826"}],"curies":[{"name":"wp","href":"https:\/\/api.w.org\/{rel}","templated":true}]}}