{"id":3821,"date":"2020-11-04T08:57:17","date_gmt":"2020-11-04T06:57:17","guid":{"rendered":"http:\/\/www.mladibl.com\/?p=3821"},"modified":"2020-11-04T08:58:38","modified_gmt":"2020-11-04T06:58:38","slug":"posadena-aleja-posvecena-sportskom-drustvu-borac","status":"publish","type":"post","link":"https:\/\/www.mladibl.com\/?p=3821","title":{"rendered":"Posa\u0111ena aleja posve\u0107ena sportskom dru\u0161tvu \u201eBorac\u201c"},"content":{"rendered":"\n<p>Ju\u010de je uz Gradski stadion zasa\u0111ena Aleja posve\u0107ena sportskom dru\u0161tvu Borac \u2013 na zelenoj povr\u0161ini u Gunduli\u0107evoj ulici, odnosno na prostoru uz isto\u010dnu tribinu Gradskog stadiona.<\/p>\n\n\n\n<p>Gradona\u010delnik Igor Radoji\u010di\u0107 koji je zajedno sa sportistima SD \u201eBorac\u201c simboli\u010dno zasadio jednu sadnicu, istakao je kako se ovim zavr\u0161ava ovogodi\u0161nji ciklus sadnje novih drvoreda.<\/p>\n\n\n\n<p>-Banja Luka je grad zelenila i svake godine zanavljamo i pravimo nove drvrede a danas zajedno sa sportistima sadimo aleju lipa posve\u0107enu sportskom dru\u0161tvu \u201eBorac\u201c \u2013 istakao je Radoji\u010di\u0107.<\/p>\n\n\n\n<p>U isto vrijeme i u ulicama Svetozara Markovi\u0107a i Jovana Du\u010di\u0107a tako\u0111e je zasa\u0111eno vi\u0161e sadnica blokovskog zelenila.<\/p>\n\n\n\n<p>-Tokom ove godine zasa\u0111eno je vi\u0161e od 1.600 novih sadnica na vi\u0161e lokacija u gradu- kazao je gradona\u010delnik.<\/p>\n\n\n\n<p>Golman RK \u201eBorac\u201c Bojan Ljubi\u0161i\u0107 istakao je kako je sportstima veoma drago \u0161to je danas zasa\u0111ena aleja u \u010dast njihovog kluba.<\/p>\n\n\n\n<p>-Borac je najve\u0107i sporstki brend na\u0161eg grada i on ovo zaslu\u017euje- rekao je on.<\/p>\n\n\n\n<p>Preuzeto sa: <a href=\"http:\/\/www.banjaluka.rs.ba\/%d0%bf%d0%be%d1%81%d0%b0%d1%92%d0%b5%d0%bd%d0%b0-%d0%b0%d0%bb%d0%b5%d1%98%d0%b0-%d0%bf%d0%be%d1%81%d0%b2%d0%b5%d1%9b%d0%b5%d0%bd%d0%b0-%d1%81%d0%bf%d0%be%d1%80%d1%82%d1%81%d0%ba%d0%be%d0%bc-%d0%b4\/\" target=\"_blank\" rel=\"noreferrer noopener\" aria-label=\"Grad Banja Luka (opens in a new tab)\">Grad Banja Luka<\/a><\/p>\n","protected":false},"excerpt":{"rendered":"<p>Ju\u010de je uz Gradski stadion zasa\u0111ena Aleja posve\u0107ena sportskom dru\u0161tvu Borac \u2013 na zelenoj povr\u0161ini u Gunduli\u0107evoj ulici, odnosno na<\/p>\n","protected":false},"author":1,"featured_media":3822,"comment_status":"closed","ping_status":"open","sticky":false,"template":"","format":"standard","meta":{"om_disable_all_campaigns":false,"_monsterinsights_skip_tracking":false,"_monsterinsights_sitenote_active":false,"_monsterinsights_sitenote_note":"","_monsterinsights_sitenote_category":0,"footnotes":""},"categories":[2],"tags":[1811,27,1809,1810],"class_list":["post-3821","post","type-post","status-publish","format-standard","has-post-thumbnail","hentry","category-vijesti","tag-borac","tag-grad-banja-luka","tag-posadena-aleja","tag-sportsko-drustvo"],"jetpack_featured_media_url":"https:\/\/www.mladibl.com\/wp-content\/uploads\/2020\/11\/Posa\u0111ena-aleja-posve\u0107ena-sportskom-dru\u0161tvu-\u201eBorac\u201c.jpg","amp_enabled":true,"_links":{"self":[{"href":"https:\/\/www.mladibl.com\/index.php?rest_route=\/wp\/v2\/posts\/3821","targetHints":{"allow":["GET"]}}],"collection":[{"href":"https:\/\/www.mladibl.com\/index.php?rest_route=\/wp\/v2\/posts"}],"about":[{"href":"https:\/\/www.mladibl.com\/index.php?rest_route=\/wp\/v2\/types\/post"}],"author":[{"embeddable":true,"href":"https:\/\/www.mladibl.com\/index.php?rest_route=\/wp\/v2\/users\/1"}],"replies":[{"embeddable":true,"href":"https:\/\/www.mladibl.com\/index.php?rest_route=%2Fwp%2Fv2%2Fcomments&post=3821"}],"version-history":[{"count":3,"href":"https:\/\/www.mladibl.com\/index.php?rest_route=\/wp\/v2\/posts\/3821\/revisions"}],"predecessor-version":[{"id":3825,"href":"https:\/\/www.mladibl.com\/index.php?rest_route=\/wp\/v2\/posts\/3821\/revisions\/3825"}],"wp:featuredmedia":[{"embeddable":true,"href":"https:\/\/www.mladibl.com\/index.php?rest_route=\/wp\/v2\/media\/3822"}],"wp:attachment":[{"href":"https:\/\/www.mladibl.com\/index.php?rest_route=%2Fwp%2Fv2%2Fmedia&parent=3821"}],"wp:term":[{"taxonomy":"category","embeddable":true,"href":"https:\/\/www.mladibl.com\/index.php?rest_route=%2Fwp%2Fv2%2Fcategories&post=3821"},{"taxonomy":"post_tag","embeddable":true,"href":"https:\/\/www.mladibl.com\/index.php?rest_route=%2Fwp%2Fv2%2Ftags&post=3821"}],"curies":[{"name":"wp","href":"https:\/\/api.w.org\/{rel}","templated":true}]}}