{"id":37981,"date":"2024-02-26T21:00:39","date_gmt":"2024-02-26T19:00:39","guid":{"rendered":"https:\/\/www.mladibl.com\/?p=37981"},"modified":"2024-02-26T21:00:41","modified_gmt":"2024-02-26T19:00:41","slug":"za-zivot-zena-koncert-grupe-one-tri-7-marta-u-banskom-dvoru","status":"publish","type":"post","link":"https:\/\/www.mladibl.com\/?p=37981","title":{"rendered":"Za \u017eivot \u017eena: Koncert grupe \u201eOne tri\u201c 7. marta u Banskom dvoru"},"content":{"rendered":"\n<p>Povodom Me\u0111unarodnog dana \u017eena umjetnice Maja Tati\u0107, Svjetlana Vidovi\u0107 i Ru\u017eica \u010cavi\u0107, okupljene u sastavu \u201eOne tri\u201c, odr\u017ea\u0107e koncert u \u010detvrtak, 7. marta u Banskom dvoru.<\/p>\n\n\n\n<p>Naime\u201eOne tri\u201c ve\u0107 odavno su postale prepoznatljive, kako u Banjoj Luci, tako i \u0161ire, te \u0107e i ovogodi\u0161njim specijalnim repertoarom zasigurno odu\u0161eviti banjalu\u010dku publiku.<\/p>\n\n\n\n<p>Ina\u010de, rije\u010d je o koncertu koji je dio ovogodi\u0161nje \u201eZa \u017eivot \u017eena\u201c, a iste ve\u010deri bi\u0107e uprili\u010den i koktel na kojem \u0107e biti predstavljane kandidatkinje nominovane za titulu \u201eNajinspirativnija Banjalu\u010danka\u201c.<\/p>\n\n\n\n<p>Ovom prilikom vas podsje\u0107amo da su u toku prijave za u\u010de\u0161\u0107e u izboru za titulu \u201eNajinspirativnija Banjalu\u010danka\u201c iz oblasti nauke.<\/p>\n\n\n\n<p>Najkasnije do 5. marta svi zainteresovani mogu nominovati kandidatkinje, koje su svojim radom i ostvarenim rezultatima zaslu\u017eile da se na\u0111u u ovogodi\u0161njem izboru, a prijave, koje bi trebalo da sadr\u017ee biografiju kandidatkinje, potrebno je dostaviti na sljede\u0107u adresu elektronske po\u0161te: zazivotzena@banjaluka.rs.ba<\/p>\n\n\n\n<figure class=\"wp-block-image size-full\"><img loading=\"lazy\" decoding=\"async\" width=\"800\" height=\"898\" src=\"http:\/\/www.mladibl.com\/wp-content\/uploads\/2024\/02\/Za-zivot-zena_-Koncert-grupe-\u201eOne-tri-7.-marta-u-Banskom-dvoru.jpg\" alt=\"Za \u017eivot \u017eena: Koncert grupe \u201eOne tri\u201c 7. marta u Banskom dvoru\" class=\"wp-image-37975\" srcset=\"https:\/\/www.mladibl.com\/wp-content\/uploads\/2024\/02\/Za-zivot-zena_-Koncert-grupe-\u201eOne-tri-7.-marta-u-Banskom-dvoru.jpg 800w, https:\/\/www.mladibl.com\/wp-content\/uploads\/2024\/02\/Za-zivot-zena_-Koncert-grupe-\u201eOne-tri-7.-marta-u-Banskom-dvoru-267x300.jpg 267w, https:\/\/www.mladibl.com\/wp-content\/uploads\/2024\/02\/Za-zivot-zena_-Koncert-grupe-\u201eOne-tri-7.-marta-u-Banskom-dvoru-768x862.jpg 768w\" sizes=\"auto, (max-width: 800px) 100vw, 800px\" \/><\/figure>\n\n\n\n<p>Preuzeto sa: <a href=\"https:\/\/www.banjaluka.rs.ba\/za-zivot-zena-koncert-grupe-one-tri-7-marta-u-banskom-dvoru\/\" data-type=\"link\" data-id=\"https:\/\/www.banjaluka.rs.ba\/za-zivot-zena-koncert-grupe-one-tri-7-marta-u-banskom-dvoru\/\" target=\"_blank\" rel=\"noreferrer noopener\">Grad Banja Luka<\/a><\/p>\n","protected":false},"excerpt":{"rendered":"<p>Povodom Me\u0111unarodnog dana \u017eena umjetnice Maja Tati\u0107, Svjetlana Vidovi\u0107 i Ru\u017eica \u010cavi\u0107, okupljene u sastavu \u201eOne tri\u201c, odr\u017ea\u0107e koncert u<\/p>\n","protected":false},"author":1,"featured_media":37975,"comment_status":"closed","ping_status":"open","sticky":false,"template":"","format":"standard","meta":{"om_disable_all_campaigns":false,"_monsterinsights_skip_tracking":false,"_monsterinsights_sitenote_active":false,"_monsterinsights_sitenote_note":"","_monsterinsights_sitenote_category":0,"footnotes":""},"categories":[2],"tags":[881,3536,10770],"class_list":["post-37981","post","type-post","status-publish","format-standard","has-post-thumbnail","hentry","category-vijesti","tag-banski-dvor","tag-koncert","tag-one-tri"],"jetpack_featured_media_url":"https:\/\/www.mladibl.com\/wp-content\/uploads\/2024\/02\/Za-zivot-zena_-Koncert-grupe-\u201eOne-tri-7.-marta-u-Banskom-dvoru.jpg","amp_enabled":true,"_links":{"self":[{"href":"https:\/\/www.mladibl.com\/index.php?rest_route=\/wp\/v2\/posts\/37981","targetHints":{"allow":["GET"]}}],"collection":[{"href":"https:\/\/www.mladibl.com\/index.php?rest_route=\/wp\/v2\/posts"}],"about":[{"href":"https:\/\/www.mladibl.com\/index.php?rest_route=\/wp\/v2\/types\/post"}],"author":[{"embeddable":true,"href":"https:\/\/www.mladibl.com\/index.php?rest_route=\/wp\/v2\/users\/1"}],"replies":[{"embeddable":true,"href":"https:\/\/www.mladibl.com\/index.php?rest_route=%2Fwp%2Fv2%2Fcomments&post=37981"}],"version-history":[{"count":1,"href":"https:\/\/www.mladibl.com\/index.php?rest_route=\/wp\/v2\/posts\/37981\/revisions"}],"predecessor-version":[{"id":37982,"href":"https:\/\/www.mladibl.com\/index.php?rest_route=\/wp\/v2\/posts\/37981\/revisions\/37982"}],"wp:featuredmedia":[{"embeddable":true,"href":"https:\/\/www.mladibl.com\/index.php?rest_route=\/wp\/v2\/media\/37975"}],"wp:attachment":[{"href":"https:\/\/www.mladibl.com\/index.php?rest_route=%2Fwp%2Fv2%2Fmedia&parent=37981"}],"wp:term":[{"taxonomy":"category","embeddable":true,"href":"https:\/\/www.mladibl.com\/index.php?rest_route=%2Fwp%2Fv2%2Fcategories&post=37981"},{"taxonomy":"post_tag","embeddable":true,"href":"https:\/\/www.mladibl.com\/index.php?rest_route=%2Fwp%2Fv2%2Ftags&post=37981"}],"curies":[{"name":"wp","href":"https:\/\/api.w.org\/{rel}","templated":true}]}}