{"id":37864,"date":"2024-02-20T21:08:34","date_gmt":"2024-02-20T19:08:34","guid":{"rendered":"https:\/\/www.mladibl.com\/?p=37864"},"modified":"2024-02-20T21:08:35","modified_gmt":"2024-02-20T19:08:35","slug":"best-mostar-otvara-prijave-za-soft-skills-akademiju","status":"publish","type":"post","link":"https:\/\/www.mladibl.com\/?p=37864","title":{"rendered":"BEST Mostar otvara prijave za Soft skills akademiju!"},"content":{"rendered":"\n<p>Udru\u017eenje studenata Univerziteta \u201cD\u017eemal Bijedi\u0107\u201c u Mostaru \u2013 BEST Mostar ove godine organizuje Sajam zapo\u0161ljavanja i Soft skills akademiju koja \u0107e se odr\u017eati u periodu od 4. do 6.marta 2024. godine.<\/p>\n\n\n\n<p>Sajam zapo\u0161ljavanja i Soft skills akademija namijenjeni su za sve srednjo\u0161kolce zavr\u0161nih razreda i studente sa podru\u010dja cijele Bosne i Hercegovine.<\/p>\n\n\n\n<p>\u010citav doga\u0111aj traje tri dana, gdje je prvi dan rezervisan za Sajam zapo\u0161ljavanja te \u0107e u\u010desnici imati priliku saznati iz prve ruke \u0161ta je potrebno za rad u raznovrsnim kompanijama u BiH, dok preostala dva dana su namjenjena za Soft skills akademiju gdje \u0107e u\u010desnici imati priliku prisustvovati interaktivnim radionicama s ciljem unaprije\u0111enja li\u010dnih i profesionalnih vje\u0161tina neophodnih za zapo\u0161ljavanje i uspje\u0161nu karijeru.<\/p>\n\n\n\n<p>Svi zainteresovani mogu prona\u0107i vi\u0161e informacija i prijaviti se na Soft skills akademiju na sljede\u0107em linku: <strong><a href=\"https:\/\/jobfairmostar.org\/\" target=\"_blank\" rel=\"noreferrer noopener\">https:\/\/jobfairmostar.org\/<\/a><\/strong><\/p>\n\n\n\n<p>Za sva pitanja, sugestije, nedoumice mo\u017eete nas kontaktirati na: <strong><a href=\"mailto:lbgmostar-jobfair@best-eu.org\" target=\"_blank\" rel=\"noreferrer noopener\">lbgmostar-jobfair@best-eu.org<\/a><\/strong> ili na na\u0161oj ig stranici <strong><a href=\"https:\/\/www.instagram.com\/jobfair.mostar\/\" target=\"_blank\" rel=\"noreferrer noopener\">jobfair.mostar<\/a><\/strong>.<\/p>\n\n\n\n<p>Izvor: Saop\u0161tenje<\/p>\n","protected":false},"excerpt":{"rendered":"<p>Udru\u017eenje studenata Univerziteta \u201cD\u017eemal Bijedi\u0107\u201c u Mostaru \u2013 BEST Mostar ove godine organizuje Sajam zapo\u0161ljavanja i Soft skills akademiju koja<\/p>\n","protected":false},"author":1,"featured_media":37842,"comment_status":"closed","ping_status":"open","sticky":false,"template":"","format":"standard","meta":{"om_disable_all_campaigns":false,"_monsterinsights_skip_tracking":false,"_monsterinsights_sitenote_active":false,"_monsterinsights_sitenote_note":"","_monsterinsights_sitenote_category":0,"footnotes":""},"categories":[370],"tags":[964,12669,2135,61],"class_list":["post-37864","post","type-post","status-publish","format-standard","has-post-thumbnail","hentry","category-ostalo","tag-akademija","tag-best-mostar","tag-soft-skills","tag-srednjoskolci"],"jetpack_featured_media_url":"https:\/\/www.mladibl.com\/wp-content\/uploads\/2024\/02\/BEST-Mostar-otvara-prijave-za-Soft-skills-akademiju.jpg","amp_enabled":true,"_links":{"self":[{"href":"https:\/\/www.mladibl.com\/index.php?rest_route=\/wp\/v2\/posts\/37864","targetHints":{"allow":["GET"]}}],"collection":[{"href":"https:\/\/www.mladibl.com\/index.php?rest_route=\/wp\/v2\/posts"}],"about":[{"href":"https:\/\/www.mladibl.com\/index.php?rest_route=\/wp\/v2\/types\/post"}],"author":[{"embeddable":true,"href":"https:\/\/www.mladibl.com\/index.php?rest_route=\/wp\/v2\/users\/1"}],"replies":[{"embeddable":true,"href":"https:\/\/www.mladibl.com\/index.php?rest_route=%2Fwp%2Fv2%2Fcomments&post=37864"}],"version-history":[{"count":1,"href":"https:\/\/www.mladibl.com\/index.php?rest_route=\/wp\/v2\/posts\/37864\/revisions"}],"predecessor-version":[{"id":37865,"href":"https:\/\/www.mladibl.com\/index.php?rest_route=\/wp\/v2\/posts\/37864\/revisions\/37865"}],"wp:featuredmedia":[{"embeddable":true,"href":"https:\/\/www.mladibl.com\/index.php?rest_route=\/wp\/v2\/media\/37842"}],"wp:attachment":[{"href":"https:\/\/www.mladibl.com\/index.php?rest_route=%2Fwp%2Fv2%2Fmedia&parent=37864"}],"wp:term":[{"taxonomy":"category","embeddable":true,"href":"https:\/\/www.mladibl.com\/index.php?rest_route=%2Fwp%2Fv2%2Fcategories&post=37864"},{"taxonomy":"post_tag","embeddable":true,"href":"https:\/\/www.mladibl.com\/index.php?rest_route=%2Fwp%2Fv2%2Ftags&post=37864"}],"curies":[{"name":"wp","href":"https:\/\/api.w.org\/{rel}","templated":true}]}}