{"id":37315,"date":"2024-01-29T11:02:48","date_gmt":"2024-01-29T09:02:48","guid":{"rendered":"https:\/\/www.mladibl.com\/?p=37315"},"modified":"2024-01-29T11:03:45","modified_gmt":"2024-01-29T09:03:45","slug":"boris-divkovic-fondacija","status":"publish","type":"post","link":"https:\/\/www.mladibl.com\/?p=37315","title":{"rendered":"Boris Divkovi\u0107 Fondacija"},"content":{"rendered":"\n<h1 class=\"wp-block-heading\">Zapo\u0161ljavamo! Postani dio BDF tima<\/h1>\n\n\n\n<figure class=\"wp-block-image\"><img decoding=\"async\" src=\"https:\/\/bdf.ba\/v2\/wp-content\/uploads\/2024\/01\/konkurs-2024.png\" alt=\"\"\/><\/figure>\n\n\n\n<p>Na osnova \u010dlana 3. stav 1. Pravilnika o radu Fondacija Boris Divkovi\u0107 raspisuje<\/p>\n\n\n\n<p><strong>K O N K U R S<\/strong><\/p>\n\n\n\n<p>Za prijem u radni odnos<\/p>\n\n\n\n<p><strong>Projektni_a asistent_ica<\/strong><\/p>\n\n\n\n<p><strong>Oblast rada: Projektni menad\u017ement, neformalna edukacija, regionalna saradnja, me\u0111unarodni odnosi<\/strong><\/p>\n\n\n\n<p><strong>Opis pozicije<\/strong><\/p>\n\n\n\n<p>Pozicija projektnog_e asistenta_ice uklju\u010duje administrativno i logisti\u010dko upravljanje projektnim aktivnostima, uspostavljanje i odr\u017eavanje saradnje sa partnerima, ulogu u osmi\u0161ljavanju, provo\u0111enju, prezentovanju, monitoringu i evaluaciji projektnih aktivnosti, pisanje i dostavljanje izvje\u0161taja o aktivnostima, koordinaciju aktivnosti ostatka projektnog tima. Ove aktivnosti uklju\u010duju sljede\u0107e radne zadatke:<\/p>\n\n\n\n<ul class=\"wp-block-list\">\n<li>Priprema i organizacija tehni\u010dkih aktivnosti za provedbu projekata;<\/li>\n\n\n\n<li>Pra\u0107enje poziva za nove projektne aktivnosti i priprema projektnih aplikacija u saradnji sa Programskim\/om koordinatorom\/icom;<\/li>\n\n\n\n<li>Pra\u0107enje implementacije trenutnih projektnih aktivnosti i pra\u0107enje rokova izvje\u0161tavanja, organizovanje aktivnosti i asistencija u pisanju zavr\u0161nih izvje\u0161taja;<\/li>\n\n\n\n<li>Planiranje, razvijanje i implementiranje PR strategije, u saradnji sa Programskim\/om koordinatorom\/icom i izvr\u0161nim direktorom;<\/li>\n\n\n\n<li>Stalna komunikacija sa medijima, organizacijama, u\u010desnicima razli\u010ditih edukativnih programa i pojedincima u okviru svoje pozicije, u saradnji sa Programskim\/om koordinatorom\/icom i izvr\u0161nim direktorom;<\/li>\n\n\n\n<li>Istra\u017eivanje, pisanje i distribuiranje saop\u0107enja za javnost u medijima o planiranim i odr\u017eanim aktivnostima u sklopu rada Fondacije, priprema kreativnog sadr\u017eaja (bro\u0161ura, video snimaka i sl.)<\/li>\n\n\n\n<li>Obavljanje drugih poslova po potrebi.<\/li>\n<\/ul>\n\n\n\n<p><strong>Uslovi koje kandidat\/kinja treba da ispunjava su<\/strong><strong>:<\/strong><\/p>\n\n\n\n<ul class=\"wp-block-list\">\n<li>Student_ica ili VSS, preferencijalno univerzitetska diploma dru\u0161tvenog smjera;<\/li>\n\n\n\n<li>Voza\u010dka dozvola (aktivan\/na voza\u010d\/ica);<\/li>\n\n\n\n<li>Aktivno poznavanje engleskog jezika u govoru i pismu, kao i slu\u017ebenih jezika BiH;<\/li>\n\n\n\n<li>Aktivno poznavanje upotrebe ra\u010dunara i osnovnih MS Office ra\u010dunarskih programa;<\/li>\n\n\n\n<li>Sposobnost rada u timu;<\/li>\n\n\n\n<li>Sposobnost istodobnoga obavljanja vi\u0161e poslova ili zadataka.<\/li>\n<\/ul>\n\n\n\n<p><strong>Dodatne informacije:<\/strong><\/p>\n\n\n\n<p>Po\u010detak rada: 4. marta 2024. godine<\/p>\n\n\n\n<p>Lokacija: Sarajevo<\/p>\n\n\n\n<p><strong>Dodatne pogodnosti:<\/strong><\/p>\n\n\n\n<ul class=\"wp-block-list\">\n<li>odli\u010dne prilike za profesionalno u\u010denje i usavr\u0161avanje kroz u\u010destvovanje na me\u0111unarodnim edukacijama, seminarima i akademijama;<\/li>\n\n\n\n<li>mogu\u0107nost umre\u017eavanja sa \u0161irokom mre\u017eom partnera, posjete europskim institucijama u Briselu i partnerskim organizacijama na Zapadnom Balkanu;<\/li>\n\n\n\n<li>fleksibilno radno vrijeme (hibridni\/online model).<\/li>\n<\/ul>\n\n\n\n<p><strong>Ohrabrujemo sve kandidate\/kinje, bez obzira na socijalni status, spol, rodni identitet, nacionalno, etni\u010dko, vjersko opredjeljenje, ili bilo koju drugu karateristiku\/identitet, da se prijave na ovaj konkurs.<\/strong><\/p>\n\n\n\n<p><strong>Na\u010din prijave:<\/strong><\/p>\n\n\n\n<p>Prijava treba sadr\u017eavati:<\/p>\n\n\n\n<ul class=\"wp-block-list\">\n<li>motivacijsko pismo (maksimalno 1 stranica);<\/li>\n\n\n\n<li>CV (informacije o obrazovanju, dosada\u0161njem radnom i volonterskom iskustvu itd; maksimalno 3 stranice);<\/li>\n\n\n\n<li>drugi dokumenti po izboru kandidata\/kinje.<\/li>\n<\/ul>\n\n\n\n<p><strong>Rok za slanje prijava je 16.02.2024. godine.<\/strong><\/p>\n\n\n\n<p><strong>Prijave treba isklju\u010divo slati putem e-maila na adresu<\/strong>&nbsp;<a href=\"mailto:office@bdf.ba\">office@bdf.ba<\/a>&nbsp;sa naslovom: \u00abPRIJAVA NA KONKURS\u00bb. Kandidati\/kinje koji\/e pro\u0111u u u\u017ei krug selekcije \u0107e biti pozvani\/e na prvi razgovor. Sva pitanja u vezi sa oglasom mo\u017eete uputiti na&nbsp;<a href=\"mailto:harisa@bdf.ba\">harisa@bdf.ba<\/a>.<\/p>\n\n\n\n<p>Sretno!<\/p>\n\n\n\n<p><a href=\"https:\/\/bdf.ba\/tag\/bdf\/\">Bdf<\/a>,\u00a0<a href=\"https:\/\/bdf.ba\/tag\/posao\/\">Posao<\/a>,\u00a0<a href=\"https:\/\/bdf.ba\/tag\/projektna-asistenica\/\">Projektna Asistenica<\/a>,\u00a0<a href=\"https:\/\/bdf.ba\/tag\/projektni-asistent\/\">Projektni Asistent<\/a><\/p>\n\n\n\n<p>Preuzeto sa: <a href=\"https:\/\/bdf.ba\/zaposljavamo-postani-dio-bdf-tima\/\" target=\"_blank\" rel=\"noreferrer noopener\">bdf.ba<\/a><\/p>\n","protected":false},"excerpt":{"rendered":"<p>Zapo\u0161ljavamo! Postani dio BDF tima Na osnova \u010dlana 3. stav 1. Pravilnika o radu Fondacija Boris Divkovi\u0107 raspisuje K O<\/p>\n","protected":false},"author":1,"featured_media":37297,"comment_status":"closed","ping_status":"open","sticky":false,"template":"","format":"standard","meta":{"om_disable_all_campaigns":false,"_monsterinsights_skip_tracking":false,"_monsterinsights_sitenote_active":false,"_monsterinsights_sitenote_note":"","_monsterinsights_sitenote_category":0,"footnotes":""},"categories":[8692,8],"tags":[1869,695,119,118],"class_list":["post-37315","post","type-post","status-publish","format-standard","has-post-thumbnail","hentry","category-izdvajamo","category-zaposljavanje","tag-boris-divkovic","tag-fondacija","tag-posao","tag-zaposljavanje"],"jetpack_featured_media_url":"https:\/\/www.mladibl.com\/wp-content\/uploads\/2024\/01\/Boris-Divkovic-Foundation.jpg","amp_enabled":true,"_links":{"self":[{"href":"https:\/\/www.mladibl.com\/index.php?rest_route=\/wp\/v2\/posts\/37315","targetHints":{"allow":["GET"]}}],"collection":[{"href":"https:\/\/www.mladibl.com\/index.php?rest_route=\/wp\/v2\/posts"}],"about":[{"href":"https:\/\/www.mladibl.com\/index.php?rest_route=\/wp\/v2\/types\/post"}],"author":[{"embeddable":true,"href":"https:\/\/www.mladibl.com\/index.php?rest_route=\/wp\/v2\/users\/1"}],"replies":[{"embeddable":true,"href":"https:\/\/www.mladibl.com\/index.php?rest_route=%2Fwp%2Fv2%2Fcomments&post=37315"}],"version-history":[{"count":1,"href":"https:\/\/www.mladibl.com\/index.php?rest_route=\/wp\/v2\/posts\/37315\/revisions"}],"predecessor-version":[{"id":37316,"href":"https:\/\/www.mladibl.com\/index.php?rest_route=\/wp\/v2\/posts\/37315\/revisions\/37316"}],"wp:featuredmedia":[{"embeddable":true,"href":"https:\/\/www.mladibl.com\/index.php?rest_route=\/wp\/v2\/media\/37297"}],"wp:attachment":[{"href":"https:\/\/www.mladibl.com\/index.php?rest_route=%2Fwp%2Fv2%2Fmedia&parent=37315"}],"wp:term":[{"taxonomy":"category","embeddable":true,"href":"https:\/\/www.mladibl.com\/index.php?rest_route=%2Fwp%2Fv2%2Fcategories&post=37315"},{"taxonomy":"post_tag","embeddable":true,"href":"https:\/\/www.mladibl.com\/index.php?rest_route=%2Fwp%2Fv2%2Ftags&post=37315"}],"curies":[{"name":"wp","href":"https:\/\/api.w.org\/{rel}","templated":true}]}}