{"id":37033,"date":"2024-01-17T09:08:28","date_gmt":"2024-01-17T07:08:28","guid":{"rendered":"https:\/\/www.mladibl.com\/?p=37033"},"modified":"2024-01-17T09:08:29","modified_gmt":"2024-01-17T07:08:29","slug":"prvo-zasjedanje-u-februaru-izvuceno-35-clanova-i-pet-zamjenskih-clanova-skustine-gradana","status":"publish","type":"post","link":"https:\/\/www.mladibl.com\/?p=37033","title":{"rendered":"Prvo zasjedanje u februaru: Izvu\u010deno 35 \u010dlanova i pet zamjenskih \u010dlanova Sku\u0161tine gra\u0111ana"},"content":{"rendered":"\n<p>Zavr\u0161eno je javno izvla\u010denje 35 \u010dlanova i pet zamjenskih \u010dlanova Sku\u0161tine gra\u0111ana, a koje je uprili\u010deno na\u00a0<a href=\"https:\/\/www.facebook.com\/gubanjaluka\/videos\/2644153305732730\" target=\"_blank\" rel=\"noreferrer noopener\">Fejsbuk stranici Grada.<\/a><\/p>\n\n\n\n<p>Od ukupno 347 pristiglih prijava gra\u0111ana, prema unaprijed utvr\u0111enim kriterijumima \u017erijebanjem su odabrane \u010detiri grupe, od kojih je jedna grupa javno izvu\u010dena tako\u0111e metodom slu\u010dajnog odabira.<\/p>\n\n\n\n<p>Imaju\u0107i u vidu da je tema prve Skup\u0161tine gra\u0111ana \u201ePreduzetni\u0161tvo i mladi\u201c, 50 odsto &nbsp;\u010dlanova \u010dini\u0107e mladi dobi do 40 godina, dok \u0107e ostatak \u010dlanova biti srazmjerno strukturiran prema &nbsp;polu, starosnoj dobi (od 16 do 65+ godina), etni\u010dkoj pripadnosti, nivou stru\u010dne spreme, ekonomskom statusu i mjestu prebivali\u0161ta kako bi \u0161to reprezentativnije predstavili strukturu stanovni\u0161tva Banje Luke.<\/p>\n\n\n\n<p>Kodove pod kojima su se gra\u0111ani prijavili, a koji su izvu\u010deni u okviru Panela 3 mo\u017eete da pogledate\u00a0<strong><a href=\"https:\/\/www.banjaluka.rs.ba\/wp-content\/uploads\/2024\/01\/Panel-3-kodovi-pod-kojima-su-se-gra%C4%91ani-prijavili.pdf\" target=\"_blank\" rel=\"noreferrer noopener\">OVDJE<\/a><\/strong>.<\/p>\n\n\n\n<p>Podsje\u0107amo, u okviru projekta \u201eInoviranje demokratskog u\u010de\u0161\u0107a na lokalnom nivou u Bosni i Hercegovini\u201c, koji Grad Banja Luka realizuje u saradnji sa Savjetom Evrope u proteklom periodu pozivna pisama dostavljena su na ukupno 5 hiljada nasumi\u010dno odabranih adresa.<\/p>\n\n\n\n<p>Preko tri stotine gra\u0111ana iskazalo je interesovanje da postanu \u010dlanovi prve Skup\u0161tine gra\u0111ana u na\u0161em gradu, i na taj na\u010din diskutuju o va\u017enim dru\u0161tvenim temama, te u\u010destvuju u izradi preporuka koje \u0107e odra\u017eavati potrebe i interese svih gra\u0111ana na\u0161e zajednice.<\/p>\n\n\n\n<p>Ina\u010de, prvo zasjedanje na temu \u201ePreduzetni\u0161tvo i mladi\u201c trebalo bi da bude odr\u017eano u februaru.<\/p>\n\n\n\n<p>Cilj je da se kroz ovu va\u017enu temu otvore nove perspektive i razmotre ideje koje \u0107e doprinijeti unapre\u0111enju preduzetni\u0161tva u na\u0161em gradu.<\/p>\n\n\n\n<p>Preuzeto sa: <a href=\"https:\/\/www.banjaluka.rs.ba\/prvo-zasjedanje-u-februaru-izvuceno-35-clanova-i-pet-zamjenskih-clanova-skupstine-gradjana\/\" data-type=\"link\" data-id=\"https:\/\/www.banjaluka.rs.ba\/prvo-zasjedanje-u-februaru-izvuceno-35-clanova-i-pet-zamjenskih-clanova-skupstine-gradjana\/\" target=\"_blank\" rel=\"noreferrer noopener\">Grad Banja Luka<\/a><\/p>\n","protected":false},"excerpt":{"rendered":"<p>Zavr\u0161eno je javno izvla\u010denje 35 \u010dlanova i pet zamjenskih \u010dlanova Sku\u0161tine gra\u0111ana, a koje je uprili\u010deno na\u00a0Fejsbuk stranici Grada. Od<\/p>\n","protected":false},"author":1,"featured_media":37034,"comment_status":"closed","ping_status":"open","sticky":false,"template":"","format":"standard","meta":{"om_disable_all_campaigns":false,"_monsterinsights_skip_tracking":false,"_monsterinsights_sitenote_active":false,"_monsterinsights_sitenote_note":"","_monsterinsights_sitenote_category":0,"footnotes":""},"categories":[2],"tags":[53,11858],"class_list":["post-37033","post","type-post","status-publish","format-standard","has-post-thumbnail","hentry","category-vijesti","tag-banja-luka","tag-skupstina-gradana"],"jetpack_featured_media_url":"https:\/\/www.mladibl.com\/wp-content\/uploads\/2024\/01\/Prvo-zasjedanje-u-februaru_-Izvuceno-35-clanova-i-pet-zamjenskih-clanova-Skustine-gradana.jpg","amp_enabled":true,"_links":{"self":[{"href":"https:\/\/www.mladibl.com\/index.php?rest_route=\/wp\/v2\/posts\/37033","targetHints":{"allow":["GET"]}}],"collection":[{"href":"https:\/\/www.mladibl.com\/index.php?rest_route=\/wp\/v2\/posts"}],"about":[{"href":"https:\/\/www.mladibl.com\/index.php?rest_route=\/wp\/v2\/types\/post"}],"author":[{"embeddable":true,"href":"https:\/\/www.mladibl.com\/index.php?rest_route=\/wp\/v2\/users\/1"}],"replies":[{"embeddable":true,"href":"https:\/\/www.mladibl.com\/index.php?rest_route=%2Fwp%2Fv2%2Fcomments&post=37033"}],"version-history":[{"count":1,"href":"https:\/\/www.mladibl.com\/index.php?rest_route=\/wp\/v2\/posts\/37033\/revisions"}],"predecessor-version":[{"id":37035,"href":"https:\/\/www.mladibl.com\/index.php?rest_route=\/wp\/v2\/posts\/37033\/revisions\/37035"}],"wp:featuredmedia":[{"embeddable":true,"href":"https:\/\/www.mladibl.com\/index.php?rest_route=\/wp\/v2\/media\/37034"}],"wp:attachment":[{"href":"https:\/\/www.mladibl.com\/index.php?rest_route=%2Fwp%2Fv2%2Fmedia&parent=37033"}],"wp:term":[{"taxonomy":"category","embeddable":true,"href":"https:\/\/www.mladibl.com\/index.php?rest_route=%2Fwp%2Fv2%2Fcategories&post=37033"},{"taxonomy":"post_tag","embeddable":true,"href":"https:\/\/www.mladibl.com\/index.php?rest_route=%2Fwp%2Fv2%2Ftags&post=37033"}],"curies":[{"name":"wp","href":"https:\/\/api.w.org\/{rel}","templated":true}]}}