{"id":37024,"date":"2024-01-16T03:34:34","date_gmt":"2024-01-16T01:34:34","guid":{"rendered":"https:\/\/www.mladibl.com\/?p=37024"},"modified":"2024-01-16T03:41:22","modified_gmt":"2024-01-16T01:41:22","slug":"konkurs-za-posao-projektni-koordinator-ica-na-projektu-evropske-unije","status":"publish","type":"post","link":"https:\/\/www.mladibl.com\/?p=37024","title":{"rendered":"KONKURS ZA POSAO: Projektni koordinator\/ica na projektu Evropske unije"},"content":{"rendered":"\n<p>Helsin\u0161ki parlament gra\u0111ana Banjaluka raspisuje konkurs za sljede\u0107e radno mjesto:<\/p>\n\n\n\n<p><strong>Projektni koordinator\/ica na projektu Evropske unije<br>Oblast rada: Za\u0161tita branitelja i braniteljica ljudskih prava<\/strong><\/p>\n\n\n\n<p><strong>Opis pozicije:<\/strong><\/p>\n\n\n\n<p>Helsin\u0161ki parlament gra\u0111ana Banjaluka tra\u017ei projektnog koordinatora\/icu koji\/a \u0107e raditi na projektu Evropske unije, koji se ti\u010de za\u0161tite branitelja i braniteljica ljudskih prava u Bosni i Hercegovini.<\/p>\n\n\n\n<p>Projektni koordinator\/ica \u0107e u\u010destvovati u implementaciji predvi\u0111enih projektnih ciljeva,&nbsp; aktivnosti i rezultata.<\/p>\n\n\n\n<p><strong>Poslovni zadaci:<\/strong><\/p>\n\n\n\n<ul class=\"wp-block-list\">\n<li>Planiranje, implementacija, evidencija i evaluacija sljede\u0107ih projektnih aktivnosti:<\/li>\n\n\n\n<li>Treninzi za izgradnju kapaciteta za uspostavu Linije za pomo\u0107 braniteljima i braniteljicama ljudskih prava;<\/li>\n\n\n\n<li>Razvijanje Knjige standarda sa svim procedurama i pravilima;<\/li>\n\n\n\n<li>Razvoj mre\u017ee advokata, pravnika i stru\u010dnjaka za pitanja za\u0161tite ljudskih prava, posebno za me\u0111unarodne standarde za\u0161tite branitelja i braniteljica ljudskih prava;<\/li>\n\n\n\n<li>Razvijanje cjelovitog sistema pra\u0107enja i izvje\u0161tavanja o kr\u0161enjima ljudskih prava aktivista\/ica i novinara\/ki, branitelja\/ica ljudskih prava;<\/li>\n\n\n\n<li>Razvoj metodologije i provo\u0111enje istra\u017eivanja o izvje\u0161tavanju o braniteljima i braniteljicama ljudskih prava u medijskom i javnom kontekstu;<\/li>\n\n\n\n<li>Organizacija obuka za rad na Liniji za pomo\u0107 braniteljima ljudskih prava, kao i za pra\u0107enje i izvje\u0161tavanje o povredama i kr\u0161enjima ljudskih prava branitelja i braniteljica ljudskih prava;<\/li>\n\n\n\n<li>Izvje\u0161tavanje prema doma\u0107im i stranim institucijama i organizacijama, mre\u017eama i inicijativama u oblasti evropskih integracija i ljudskih prava, te odr\u017eavanje konsultacija s drugim organizacijama civilnog dru\u0161tva u oblasti izvje\u0161tavanja i zagovaranja prema doma\u0107im i stranim institucijama;<\/li>\n\n\n\n<li>Pisanje izvje\u0161taja prema donatoru;<\/li>\n\n\n\n<li>Saradnja i koordinacija sa osobljem i projektima unutar HPG-a;<\/li>\n\n\n\n<li>Drugi poslovi po potrebi.<\/li>\n<\/ul>\n\n\n\n<ul class=\"wp-block-list\">\n<li><strong>Minimalni uslovi koje kandidat\/kinja treba da ispunjava su:<\/strong><\/li>\n\n\n\n<li>Zavr\u0161en fakultet (prednost dru\u0161tvene nauke)<\/li>\n\n\n\n<li>Dvije godine radnog iskustva na istim ili sli\u010dnim poslovima;<\/li>\n\n\n\n<li>Organizacijske sposobnosti i sposobnosti komunikacije i rada sa razli\u010ditim ciljnim skupinama;<\/li>\n\n\n\n<li>Odli\u010dno poznavanje engleskog jezika;<\/li>\n\n\n\n<li>Odli\u010dno poznavanje rada na ra\u010dunaru.<\/li>\n<\/ul>\n\n\n\n<p><strong>Na\u010din prijave:<\/strong><\/p>\n\n\n\n<ul class=\"wp-block-list\">\n<li>Motivaciono pismo;<\/li>\n\n\n\n<li>CV \u2013 do 3 stranice maksimalno;<\/li>\n\n\n\n<li>Dva kontakta preporuke (ime i prezime, organizacija, mail, broj telefona itd.)<\/li>\n\n\n\n<li>Drugi dokumenti po izboru kandidata\/kinje.<\/li>\n<\/ul>\n\n\n\n<p><strong>Prijave treba isklju\u010divo slati putem maila:&nbsp;azolja@hcabl.org&nbsp;<\/strong><\/p>\n\n\n\n<p>&nbsp;sa naslovom: \u00abPRIJAVA NA OGLAS ZA KOORDINTORA_ICU\u00bb<\/p>\n\n\n\n<p><strong>Rok za prijavu: 25.1.2024.<\/strong><\/p>\n\n\n\n<p>Kandidati_kinje koju pro\u0111u u u\u017ei krug selekcije bi\u0107e pozvani\/e na testiranje i intervjuisanje.<\/p>\n\n\n\n<p>&nbsp;Svi kandidati\/kinje \u0107e biti informisani do 31. januara 2024. o ishodu njihove prijave.<\/p>\n\n\n\n<p><strong>Anga\u017eman:<\/strong><\/p>\n\n\n\n<p>Pola radnog vremena, 20 sati sedmi\u010dno, inicijalni ugovor o radu na 3 mjeseca (probni rad) sa mogu\u0107no\u0161\u0107u produ\u017eenja na najmanje jo\u0161 19 mjeseci i mogu\u0107no\u0161\u0107u anga\u017emana na puno radno vrijeme.<br><strong>Po\u010detak rada:&nbsp;<\/strong>1. februar 2024. godine<br><strong>Lokacija:<\/strong>&nbsp;Banjaluka<br><\/p>\n\n\n\n<p><strong>Dodatne pogodnosti:<\/strong>&nbsp; Odli\u010dne prilike za strukturirano i pla\u0107eno profesionalno u\u010denje i usavr\u0161avanje u okviru radnog vremena, mogu\u0107nost napredovanja u rada i rad na drugim projektima.<\/p>\n\n\n\n<p>Helsin\u0161ki parlament gra\u0111ana ba\u0161tini vrijednosti inkluzije i diverziteta i ima pristup u davanju jednakih prilika za zapo\u0161ljavanje svim zainteresovanim osobama. Ohrabrujemo sve kandidate\/kinje bez obzira na njihove li\u010dne karakteristike, socijalni status, rasu, etni\u010dko ili nacionalno porijeklo, spol, seksualnu orijentaciju, rodni identitet, vjeru, bra\u010dni status, invaliditet, starateljstvo\/skrbni\u0161tvo, hroni\u010dnu bolest ili bilo koju drugu za\u0161ti\u0107enu li\u010dnu karakteristiku, da apliciraju na ovu poziciju.<\/p>\n\n\n\n<p><strong>Napomena:<\/strong><strong><\/strong><\/p>\n\n\n\n<p><br>Ukoliko imate problema sa otvaranjem ili \u010ditanjem ovog oglasa, i voljeli biste da ga dobijete u nekom drugom formatu, molimo Vas da nam se javite na e mail:&nbsp;<a href=\"mailto:azolja@hcabl.org\">azolja@hcabl.org<\/a>&nbsp;ili putem telefona na: +387 51 432 750.<\/p>\n\n\n\n<p>Preuzeto sa: <a href=\"https:\/\/hcabl.org\/konkurs-za-posao-projektni-koordinator-ica-na-projektu-evropske-unije\/\" data-type=\"link\" data-id=\"https:\/\/hcabl.org\/konkurs-za-posao-projektni-koordinator-ica-na-projektu-evropske-unije\/\" target=\"_blank\" rel=\"noreferrer noopener\">HCA BL<\/a><\/p>\n","protected":false},"excerpt":{"rendered":"<p>Helsin\u0161ki parlament gra\u0111ana Banjaluka raspisuje konkurs za sljede\u0107e radno mjesto: Projektni koordinator\/ica na projektu Evropske unijeOblast rada: Za\u0161tita branitelja i<\/p>\n","protected":false},"author":1,"featured_media":37006,"comment_status":"closed","ping_status":"open","sticky":false,"template":"","format":"standard","meta":{"om_disable_all_campaigns":false,"_monsterinsights_skip_tracking":false,"_monsterinsights_sitenote_active":false,"_monsterinsights_sitenote_note":"","_monsterinsights_sitenote_category":0,"footnotes":""},"categories":[8692,8],"tags":[1061,119,12510,118],"class_list":["post-37024","post","type-post","status-publish","format-standard","has-post-thumbnail","hentry","category-izdvajamo","category-zaposljavanje","tag-evropska-unija","tag-posao","tag-projektni-koordinator","tag-zaposljavanje"],"jetpack_featured_media_url":"https:\/\/www.mladibl.com\/wp-content\/uploads\/2024\/01\/Projektni-koordinator_ica-na-projektu-Evropske-unije.jpg","amp_enabled":true,"_links":{"self":[{"href":"https:\/\/www.mladibl.com\/index.php?rest_route=\/wp\/v2\/posts\/37024","targetHints":{"allow":["GET"]}}],"collection":[{"href":"https:\/\/www.mladibl.com\/index.php?rest_route=\/wp\/v2\/posts"}],"about":[{"href":"https:\/\/www.mladibl.com\/index.php?rest_route=\/wp\/v2\/types\/post"}],"author":[{"embeddable":true,"href":"https:\/\/www.mladibl.com\/index.php?rest_route=\/wp\/v2\/users\/1"}],"replies":[{"embeddable":true,"href":"https:\/\/www.mladibl.com\/index.php?rest_route=%2Fwp%2Fv2%2Fcomments&post=37024"}],"version-history":[{"count":1,"href":"https:\/\/www.mladibl.com\/index.php?rest_route=\/wp\/v2\/posts\/37024\/revisions"}],"predecessor-version":[{"id":37025,"href":"https:\/\/www.mladibl.com\/index.php?rest_route=\/wp\/v2\/posts\/37024\/revisions\/37025"}],"wp:featuredmedia":[{"embeddable":true,"href":"https:\/\/www.mladibl.com\/index.php?rest_route=\/wp\/v2\/media\/37006"}],"wp:attachment":[{"href":"https:\/\/www.mladibl.com\/index.php?rest_route=%2Fwp%2Fv2%2Fmedia&parent=37024"}],"wp:term":[{"taxonomy":"category","embeddable":true,"href":"https:\/\/www.mladibl.com\/index.php?rest_route=%2Fwp%2Fv2%2Fcategories&post=37024"},{"taxonomy":"post_tag","embeddable":true,"href":"https:\/\/www.mladibl.com\/index.php?rest_route=%2Fwp%2Fv2%2Ftags&post=37024"}],"curies":[{"name":"wp","href":"https:\/\/api.w.org\/{rel}","templated":true}]}}