{"id":36983,"date":"2024-01-14T23:28:41","date_gmt":"2024-01-14T21:28:41","guid":{"rendered":"https:\/\/www.mladibl.com\/?p=36983"},"modified":"2024-01-14T23:28:42","modified_gmt":"2024-01-14T21:28:42","slug":"banski-dvor-konkurs-za-izlaganje-u-galerijskom-prostoru-istice-20-januara-poziv-vizuelnim-umjetnicima-da-se-prijave","status":"publish","type":"post","link":"https:\/\/www.mladibl.com\/?p=36983","title":{"rendered":"Banski dvor: Konkurs za izlaganje u galerijskom prostoru isti\u010de 20. januara, poziv vizuelnim umjetnicima da se prijave"},"content":{"rendered":"\n<p>Iz Kulturnog centra Banski dvor obavje\u0161tavaju sve vizuelne umjetnike da je raspisan Konkurs za izlaganje u galerijskom prostoru ove ustanove kulture, te da je rok za prijavljivanje 20. januar do pono\u0107i.<\/p>\n\n\n\n<p>-Odluku o prihva\u0107enim projektima konkursna komisija \u0107e objaviti do 20. februara, o \u010demu \u0107e u\u010desnici zvani\u010dno biti obavje\u0161teni elektronskim putem. Konkurs je otvoren za: samostalne i autorske izlo\u017ebe, kao i za kustoske izlo\u017ebe\/projekte, za umjetni\u010dke prezentacije, projekcije, promocije i diskusije \u2013 navedeno je u saop\u0161tenju Banskog dvora.<\/p>\n\n\n\n<p>Dodaju kako su svi u\u010desnici Konkursa du\u017eni dostaviti: sa\u017eet opis projekta (do dvije stranice),podatke o izlaga\u010du\/izlaga\u010dima (ime i prezime, broj telefona i va\u017ee\u0107a imejl adresa),tehni\u010dku specifikaciju projekta,vizuelnu dokumentaciju (do 10 ilustracija projekta sa kojim se konkuri\u0161e ili linkovi ka video radovima) i kratku biografiju.<\/p>\n\n\n\n<p>-Izabrani projekti moraju biti spremni za realizaciju izlo\u017ebenog programa od 10. marta. Termini izlaganja bi\u0107e naknadno utvr\u0111eni. Umjetnici se obavezuju da \u0107e realizovati projekte koji su prihva\u0107eni na konkursu. Ukoliko autori u zna\u010dajnijoj mjeri izmijene projekat u odnosu na projektni prijedlog odobren na Konkursu, Banski dvor zadr\u017eava pravo da ne prihvati izmjene \u2013 dodaju iz Banskog dvora.<\/p>\n\n\n\n<p>Za sve prihva\u0107ene projekte Banski dvor \u0107e obezbijediti: promotivnu medijsku kampanju i izradu promotivnih materijala izlo\u017ebe (grafi\u010dki dizajn i \u0161tampa plakata, kataloga, najavnog bilborda\u2026), boravak u Banjoj Luci za vrijeme postavke i otvaranja izlo\u017ebe, dostupnu tehni\u010dku opremu (detalji \u0107e biti dogovoreni sa autorom).<\/p>\n\n\n\n<p>-Svu tra\u017eenu dokumentaciju potrebno je dostaviti u PDF fajlu ne ve\u0107em od 15 MB. U prijavi na Konkurs obavezno moraju biti navedeni: naziv projekta \/ ime prezime \/ godina nastanka. U slu\u010daju da u konkursnoj prijavi nedostaju neki od tra\u017eenih podataka, prilo\u017eena dokumentacija smatra\u0107e se nepotpunom i ne\u0107e biti uzeta u razmatranje. Prijava na konkurs se mo\u017ee poslati islju\u010divo elektronskim putem na adresu: <strong><a href=\"mailto:konkurs@banskidvor.org\" target=\"_blank\" rel=\"noreferrer noopener\">konkurs@banskidvor.org<\/a><\/strong> \u2013 dodaju iz Banskog dvora.<\/p>\n\n\n\n<p>Za sve dodatne informacije iz Banskog dvora navode da se svi zainteresovani mogu obratiti putem navedenog i-mejla.<\/p>\n\n\n\n<figure class=\"wp-block-image size-large\"><img decoding=\"async\" src=\"https:\/\/www.banjaluka.rs.ba\/wp-content\/uploads\/2024\/01\/419363422_752867010225624_8528564063519772464_n.jpg\" alt=\"\"\/><\/figure>\n\n\n\n<p>Preuzeto sa: <a href=\"https:\/\/www.banjaluka.rs.ba\/konkurs-za-izlaganje-u-galerijskom-prostoru-istice-20-januara-poziv-vizuelnim-umjetnicima-da-se-prijave\/\" data-type=\"link\" data-id=\"https:\/\/www.banjaluka.rs.ba\/konkurs-za-izlaganje-u-galerijskom-prostoru-istice-20-januara-poziv-vizuelnim-umjetnicima-da-se-prijave\/\" target=\"_blank\" rel=\"noreferrer noopener\">Grad Banja Luka<\/a><\/p>\n","protected":false},"excerpt":{"rendered":"<p>Iz Kulturnog centra Banski dvor obavje\u0161tavaju sve vizuelne umjetnike da je raspisan Konkurs za izlaganje u galerijskom prostoru ove ustanove<\/p>\n","protected":false},"author":1,"featured_media":36980,"comment_status":"closed","ping_status":"open","sticky":false,"template":"","format":"standard","meta":{"om_disable_all_campaigns":false,"_monsterinsights_skip_tracking":false,"_monsterinsights_sitenote_active":false,"_monsterinsights_sitenote_note":"","_monsterinsights_sitenote_category":0,"footnotes":""},"categories":[2],"tags":[881,12442,306,913],"class_list":["post-36983","post","type-post","status-publish","format-standard","has-post-thumbnail","hentry","category-vijesti","tag-banski-dvor","tag-izlaganje","tag-konkurs","tag-umjetnici"],"jetpack_featured_media_url":"https:\/\/www.mladibl.com\/wp-content\/uploads\/2024\/01\/Banski-dvor_-Konkurs-za-izlaganje-u-galerijskom-prostoru-istice-20.-januara-poziv-vizuelnim-umjetnicima-da-se-prijave.jpg","amp_enabled":true,"_links":{"self":[{"href":"https:\/\/www.mladibl.com\/index.php?rest_route=\/wp\/v2\/posts\/36983","targetHints":{"allow":["GET"]}}],"collection":[{"href":"https:\/\/www.mladibl.com\/index.php?rest_route=\/wp\/v2\/posts"}],"about":[{"href":"https:\/\/www.mladibl.com\/index.php?rest_route=\/wp\/v2\/types\/post"}],"author":[{"embeddable":true,"href":"https:\/\/www.mladibl.com\/index.php?rest_route=\/wp\/v2\/users\/1"}],"replies":[{"embeddable":true,"href":"https:\/\/www.mladibl.com\/index.php?rest_route=%2Fwp%2Fv2%2Fcomments&post=36983"}],"version-history":[{"count":1,"href":"https:\/\/www.mladibl.com\/index.php?rest_route=\/wp\/v2\/posts\/36983\/revisions"}],"predecessor-version":[{"id":36984,"href":"https:\/\/www.mladibl.com\/index.php?rest_route=\/wp\/v2\/posts\/36983\/revisions\/36984"}],"wp:featuredmedia":[{"embeddable":true,"href":"https:\/\/www.mladibl.com\/index.php?rest_route=\/wp\/v2\/media\/36980"}],"wp:attachment":[{"href":"https:\/\/www.mladibl.com\/index.php?rest_route=%2Fwp%2Fv2%2Fmedia&parent=36983"}],"wp:term":[{"taxonomy":"category","embeddable":true,"href":"https:\/\/www.mladibl.com\/index.php?rest_route=%2Fwp%2Fv2%2Fcategories&post=36983"},{"taxonomy":"post_tag","embeddable":true,"href":"https:\/\/www.mladibl.com\/index.php?rest_route=%2Fwp%2Fv2%2Ftags&post=36983"}],"curies":[{"name":"wp","href":"https:\/\/api.w.org\/{rel}","templated":true}]}}